{"id":530,"date":"2017-08-14T23:17:37","date_gmt":"2017-08-15T04:17:37","guid":{"rendered":"http:\/\/ugelchucuito.edu.pe\/portal\/?p=530"},"modified":"2017-08-14T23:18:54","modified_gmt":"2017-08-15T04:18:54","slug":"diplomado-uso-pedagogico-de-las-tic-para-la-docencia-convenio","status":"publish","type":"post","link":"https:\/\/ugelchucuito.edu.pe\/portal\/2017\/08\/14\/diplomado-uso-pedagogico-de-las-tic-para-la-docencia-convenio\/","title":{"rendered":"DIPLOMADO \u00abUSO PEDAG\u00d3GICO DE LAS TIC PARA LA DOCENCIA\u00bb CONVENIO"},"content":{"rendered":"<h2 style=\"text-align: center;\"><span style=\"color: #ff0000;\"><strong>DIPLOMADO EN:\u00a0<\/strong><strong>USO PEDAG\u00d3GICO DE LAS TECNOLOG\u00cdAS DE INFORMACI\u00d3N Y COMUNICACI\u00d3N PARA LA DOCENCIA.<\/strong><\/span><\/h2>\n<p style=\"text-align: center;\">(RESOLUCI\u00d3N N\u00b0014-2017-CF-FIS-UANCV).<\/p>\n<p><span style=\"color: #ff0000;\"><strong>DURACI\u00d3N<\/strong>:<\/span> \u00a05 Meses.<\/p>\n<p><span style=\"color: #ff0000;\"><strong>CRONOGRAMA: <\/strong><\/span><\/p>\n<p>Inscripciones\u00a0\u00a0\u00a0\u00a0 : del 17 de julio al 18 de agosto.<\/p>\n<p>Inicio de clases\u00a0 : S\u00e1bado 19 de agosto.<\/p>\n<p>Finalizaci\u00f3n\u00a0\u00a0\u00a0\u00a0\u00a0 : S\u00e1bado 16 de diciembre.<\/p>\n<p><strong><span style=\"color: #ff0000;\">CREDITOS<\/span> \u00a0 \u00a0\u00a0<\/strong>: 24 cr\u00e9ditos, de acuerdo con SUNEDU.<\/p>\n<p><strong><span style=\"color: #ff0000;\">MODALIDAD DEL CURSO<\/span> :<\/strong> \u00a0\u00a0\u00a0\u00a0\u00a0\u00a0\u00a0\u00a0 Semipresencial (B-Learning)<\/p>\n<p><strong><span style=\"color: #ff0000;\">INVERSI\u00d3N<\/span> : \u00a0<\/strong>Inscripci\u00f3n S\/20.00 soles<\/p>\n<p>Costo por mes: P\u00fablico en general: S\/120.00. soles<\/p>\n<table width=\"100%\">\n<tbody>\n<tr>\n<td>\n<h1 style=\"text-align: center;\"><span style=\"color: #0000ff;\"><strong>Convenio DREP docentes nombrados y contratados \u00a0 \u00a0<span style=\"color: #ff0000;\">S\/ 50.00 soles<\/span><\/strong><\/span><\/h1>\n<\/td>\n<\/tr>\n<\/tbody>\n<\/table>\n<p><span style=\"color: #ff0000;\"><strong>INFORMES E INSCRIPCIONES:<\/strong><\/span><\/p>\n<p>Jr. Tacna N\u00b0 783\u00a0 (Secretar\u00eda de Ing. De Sistemas)<\/p>\n<p>Cel: 968555501<\/p>\n<h3 style=\"text-align: center;\"><a href=\"http:\/\/ugelchucuito.edu.pe\/portal\/wp-content\/uploads\/2017\/08\/PROPAGANDA-IDD-UANCV-DREP_.pdf\" target=\"_blank\" rel=\"noopener\">DESCARGAR AFICHE DIPLOMADO EN TIC<\/a><\/h3>\n<p><img loading=\"lazy\" decoding=\"async\" class=\"alignnone wp-image-533 size-full\" src=\"http:\/\/ugelchucuito.edu.pe\/portal\/wp-content\/uploads\/2017\/08\/diplomado-tic.jpg\" alt=\"\" width=\"469\" height=\"659\" \/><\/p>\n","protected":false},"excerpt":{"rendered":"<p>DIPLOMADO EN:\u00a0USO PEDAG\u00d3GICO DE LAS TECNOLOG\u00cdAS DE INFORMACI\u00d3N Y COMUNICACI\u00d3N PARA LA DOCENCIA. (RESOLUCI\u00d3N N\u00b0014-2017-CF-FIS-UANCV). DURACI\u00d3N: \u00a05 Meses. CRONOGRAMA: Inscripciones\u00a0\u00a0\u00a0\u00a0 : del 17 de julio al 18 de agosto. Inicio de clases\u00a0 : S\u00e1bado 19 de agosto. Finalizaci\u00f3n\u00a0\u00a0\u00a0\u00a0\u00a0 : S\u00e1bado 16 de diciembre. CREDITOS \u00a0 \u00a0\u00a0: 24 cr\u00e9ditos, de acuerdo con SUNEDU. MODALIDAD DEL CURSO [&hellip;]<\/p>\n","protected":false},"author":1,"featured_media":0,"comment_status":"open","ping_status":"open","sticky":false,"template":"","format":"standard","meta":{"footnotes":""},"categories":[],"tags":[],"class_list":["post-530","post","type-post","status-publish","format-standard","hentry"],"_links":{"self":[{"href":"https:\/\/ugelchucuito.edu.pe\/portal\/wp-json\/wp\/v2\/posts\/530","targetHints":{"allow":["GET"]}}],"collection":[{"href":"https:\/\/ugelchucuito.edu.pe\/portal\/wp-json\/wp\/v2\/posts"}],"about":[{"href":"https:\/\/ugelchucuito.edu.pe\/portal\/wp-json\/wp\/v2\/types\/post"}],"author":[{"embeddable":true,"href":"https:\/\/ugelchucuito.edu.pe\/portal\/wp-json\/wp\/v2\/users\/1"}],"replies":[{"embeddable":true,"href":"https:\/\/ugelchucuito.edu.pe\/portal\/wp-json\/wp\/v2\/comments?post=530"}],"version-history":[{"count":2,"href":"https:\/\/ugelchucuito.edu.pe\/portal\/wp-json\/wp\/v2\/posts\/530\/revisions"}],"predecessor-version":[{"id":537,"href":"https:\/\/ugelchucuito.edu.pe\/portal\/wp-json\/wp\/v2\/posts\/530\/revisions\/537"}],"wp:attachment":[{"href":"https:\/\/ugelchucuito.edu.pe\/portal\/wp-json\/wp\/v2\/media?parent=530"}],"wp:term":[{"taxonomy":"category","embeddable":true,"href":"https:\/\/ugelchucuito.edu.pe\/portal\/wp-json\/wp\/v2\/categories?post=530"},{"taxonomy":"post_tag","embeddable":true,"href":"https:\/\/ugelchucuito.edu.pe\/portal\/wp-json\/wp\/v2\/tags?post=530"}],"curies":[{"name":"wp","href":"https:\/\/api.w.org\/{rel}","templated":true}]}}