{"id":5641,"date":"2019-02-20T22:02:29","date_gmt":"2019-02-21T03:02:29","guid":{"rendered":"http:\/\/ugelchucuito.edu.pe\/portal\/?p=5641"},"modified":"2019-02-22T09:04:37","modified_gmt":"2019-02-22T14:04:37","slug":"convocatoria-i-gia-2019","status":"publish","type":"post","link":"https:\/\/ugelchucuito.edu.pe\/portal\/2019\/02\/20\/convocatoria-i-gia-2019\/","title":{"rendered":"CONVOCATORIA: I GIA 2019"},"content":{"rendered":"<p>Estimados L\u00edderes Pedag\u00f3gicos de las Instituciones Educativas de la UGEL Chucuito, se les convoca a participar de la I GIA 2019, el mismo que se desarrollar\u00e1 conforme a <a href=\"http:\/\/ugelchucuito.edu.pe\/portal\/wp-content\/uploads\/2019\/02\/OFICIO-I-GIA-2019-2.pdf\" target=\"_blank\" rel=\"noopener\">oficio adjunto.<\/a><\/p>\n<p>D\u00eda 27 de febrero, Directivos de los Distritos de: Pizacoma, Kelluyo, Huacullani, Zepita y Desaguadero. <a href=\"http:\/\/ugelchucuito.edu.pe\/portal\/wp-content\/uploads\/2019\/02\/OFICIO-I-GIA-2019-2.pdf\" target=\"_blank\" rel=\"noopener\">(Ver Oficio)<\/a><\/p>\n<p>D\u00eda 28 de febrero, Directivos de los Distritos de: Juli y Pomata\u00a0<a href=\"http:\/\/ugelchucuito.edu.pe\/portal\/wp-content\/uploads\/2019\/02\/OFICIO-I-GIA-2019-2.pdf\" target=\"_blank\" rel=\"noopener\">(Ver Oficio)<\/a><\/p>\n<p><a href=\"http:\/\/ugelchucuito.edu.pe\/portal\/wp-content\/uploads\/2019\/02\/OFICIO-I-GIA-2019-2.pdf\" target=\"_blank\" rel=\"noopener\">DESCARGAR OFICIO DE CONVOCATORIA<\/a><\/p>\n<p>Asimismo se hace extensivo la convocatoria a los COORDINADORES PEDAG\u00d3GICOS, encargados para el presente a\u00f1o en las IES JEC de la jurisdicci\u00f3n, para asistir conjuntamente con sus Directivos de manera voluntaria.<\/p>\n","protected":false},"excerpt":{"rendered":"<p>Estimados L\u00edderes Pedag\u00f3gicos de las Instituciones Educativas de la UGEL Chucuito, se les convoca a participar de la I GIA 2019, el mismo que se desarrollar\u00e1 conforme a oficio adjunto. D\u00eda 27 de febrero, Directivos de los Distritos de: Pizacoma, Kelluyo, Huacullani, Zepita y Desaguadero. (Ver Oficio) D\u00eda 28 de febrero, Directivos de los Distritos [&hellip;]<\/p>\n","protected":false},"author":2,"featured_media":0,"comment_status":"open","ping_status":"open","sticky":false,"template":"","format":"standard","meta":{"footnotes":""},"categories":[],"tags":[],"class_list":["post-5641","post","type-post","status-publish","format-standard","hentry"],"_links":{"self":[{"href":"https:\/\/ugelchucuito.edu.pe\/portal\/wp-json\/wp\/v2\/posts\/5641","targetHints":{"allow":["GET"]}}],"collection":[{"href":"https:\/\/ugelchucuito.edu.pe\/portal\/wp-json\/wp\/v2\/posts"}],"about":[{"href":"https:\/\/ugelchucuito.edu.pe\/portal\/wp-json\/wp\/v2\/types\/post"}],"author":[{"embeddable":true,"href":"https:\/\/ugelchucuito.edu.pe\/portal\/wp-json\/wp\/v2\/users\/2"}],"replies":[{"embeddable":true,"href":"https:\/\/ugelchucuito.edu.pe\/portal\/wp-json\/wp\/v2\/comments?post=5641"}],"version-history":[{"count":8,"href":"https:\/\/ugelchucuito.edu.pe\/portal\/wp-json\/wp\/v2\/posts\/5641\/revisions"}],"predecessor-version":[{"id":5672,"href":"https:\/\/ugelchucuito.edu.pe\/portal\/wp-json\/wp\/v2\/posts\/5641\/revisions\/5672"}],"wp:attachment":[{"href":"https:\/\/ugelchucuito.edu.pe\/portal\/wp-json\/wp\/v2\/media?parent=5641"}],"wp:term":[{"taxonomy":"category","embeddable":true,"href":"https:\/\/ugelchucuito.edu.pe\/portal\/wp-json\/wp\/v2\/categories?post=5641"},{"taxonomy":"post_tag","embeddable":true,"href":"https:\/\/ugelchucuito.edu.pe\/portal\/wp-json\/wp\/v2\/tags?post=5641"}],"curies":[{"name":"wp","href":"https:\/\/api.w.org\/{rel}","templated":true}]}}