{"id":5699,"date":"2019-02-27T12:07:10","date_gmt":"2019-02-27T17:07:10","guid":{"rendered":"http:\/\/ugelchucuito.edu.pe\/portal\/?p=5699"},"modified":"2019-02-27T12:07:10","modified_gmt":"2019-02-27T17:07:10","slug":"convocatoria-cas-001-proceso-de-contrato-para-el-fortalecimiento-de-la-gestion-administrativa-e-institucional-bajo-el-regimen-especial-de-contratacion-administrativa-de-servicios-2019","status":"publish","type":"post","link":"https:\/\/ugelchucuito.edu.pe\/portal\/2019\/02\/27\/convocatoria-cas-001-proceso-de-contrato-para-el-fortalecimiento-de-la-gestion-administrativa-e-institucional-bajo-el-regimen-especial-de-contratacion-administrativa-de-servicios-2019\/","title":{"rendered":"CONVOCATORIA CAS 001: PROCESO DE CONTRATO PARA EL FORTALECIMIENTO DE LA GESTI\u00d3N ADMINISTRATIVA E INSTITUCIONAL BAJO EL R\u00c9GIMEN ESPECIAL DE CONTRATACI\u00d3N ADMINISTRATIVA DE SERVICIOS &#8211; 2019"},"content":{"rendered":"<p><a href=\"http:\/\/ugelchucuito.edu.pe\/portal\/wp-content\/uploads\/2019\/02\/1CONVOCATORIA_CAS_001_2019.pdf\" target=\"_blank\" rel=\"noopener\">VER CONVOCATORIA<\/a><\/p>\n<p><a href=\"http:\/\/ugelchucuito.edu.pe\/portal\/wp-content\/uploads\/2019\/02\/cronogram-cas-adm-2019.pdf\" target=\"_blank\" rel=\"noopener\">VER CRONOGRAMA REGIONAL<\/a><\/p>\n<p><a href=\"http:\/\/ugelchucuito.edu.pe\/portal\/wp-content\/uploads\/2019\/02\/1.Especialista_en_convivencia_escolar_UGEL_Tipo_B.pdf\" target=\"_blank\" rel=\"noopener\">1. Ver Perfil de puesto: Especialista_en_convivencia_escolar_UGEL_Tipo_B<\/a><\/p>\n<p><a href=\"http:\/\/ugelchucuito.edu.pe\/portal\/wp-content\/uploads\/2019\/02\/2.Analista_en_Infraestructura.pdf\" target=\"_blank\" rel=\"noopener\">2. Ver Perfil de puesto: Analista_en_Infraestructura<\/a><\/p>\n<p><a href=\"http:\/\/ugelchucuito.edu.pe\/portal\/wp-content\/uploads\/2019\/02\/3.Analista_Legal.pdf\" target=\"_blank\" rel=\"noopener\">3. Ver Perfil de puesto: Analista_Legal<\/a><\/p>\n<p><a href=\"http:\/\/ugelchucuito.edu.pe\/portal\/wp-content\/uploads\/2019\/02\/029-2019-MINEDU-15-02-2019-08_18_26-RVM-N\u00b0-029-2019-MINEDU-1.pdf\" target=\"_blank\" rel=\"noopener\">Ver\/Descargar RVM N\u00b0 029-2019-MINEDU<\/a><\/p>\n<p><em><span style=\"font-size: 11px\">El Comit\u00e9<\/span><\/em><\/p>\n","protected":false},"excerpt":{"rendered":"<p>VER CONVOCATORIA VER CRONOGRAMA REGIONAL 1. Ver Perfil de puesto: Especialista_en_convivencia_escolar_UGEL_Tipo_B 2. Ver Perfil de puesto: Analista_en_Infraestructura 3. Ver Perfil de puesto: Analista_Legal Ver\/Descargar RVM N\u00b0 029-2019-MINEDU El Comit\u00e9<\/p>\n","protected":false},"author":3,"featured_media":0,"comment_status":"open","ping_status":"open","sticky":false,"template":"","format":"standard","meta":{"footnotes":""},"categories":[],"tags":[],"class_list":["post-5699","post","type-post","status-publish","format-standard","hentry"],"_links":{"self":[{"href":"https:\/\/ugelchucuito.edu.pe\/portal\/wp-json\/wp\/v2\/posts\/5699","targetHints":{"allow":["GET"]}}],"collection":[{"href":"https:\/\/ugelchucuito.edu.pe\/portal\/wp-json\/wp\/v2\/posts"}],"about":[{"href":"https:\/\/ugelchucuito.edu.pe\/portal\/wp-json\/wp\/v2\/types\/post"}],"author":[{"embeddable":true,"href":"https:\/\/ugelchucuito.edu.pe\/portal\/wp-json\/wp\/v2\/users\/3"}],"replies":[{"embeddable":true,"href":"https:\/\/ugelchucuito.edu.pe\/portal\/wp-json\/wp\/v2\/comments?post=5699"}],"version-history":[{"count":1,"href":"https:\/\/ugelchucuito.edu.pe\/portal\/wp-json\/wp\/v2\/posts\/5699\/revisions"}],"predecessor-version":[{"id":5707,"href":"https:\/\/ugelchucuito.edu.pe\/portal\/wp-json\/wp\/v2\/posts\/5699\/revisions\/5707"}],"wp:attachment":[{"href":"https:\/\/ugelchucuito.edu.pe\/portal\/wp-json\/wp\/v2\/media?parent=5699"}],"wp:term":[{"taxonomy":"category","embeddable":true,"href":"https:\/\/ugelchucuito.edu.pe\/portal\/wp-json\/wp\/v2\/categories?post=5699"},{"taxonomy":"post_tag","embeddable":true,"href":"https:\/\/ugelchucuito.edu.pe\/portal\/wp-json\/wp\/v2\/tags?post=5699"}],"curies":[{"name":"wp","href":"https:\/\/api.w.org\/{rel}","templated":true}]}}