{"id":5772,"date":"2019-03-06T17:47:58","date_gmt":"2019-03-06T22:47:58","guid":{"rendered":"http:\/\/ugelchucuito.edu.pe\/portal\/?p=5772"},"modified":"2019-03-06T17:47:58","modified_gmt":"2019-03-06T22:47:58","slug":"resultados-evaluacion-tecnica-convocatoria-cas-001-especialista-en-convivencia-bajo-el-regimen-especial-de-contratacion-administrativa-de-servicios-2019","status":"publish","type":"post","link":"https:\/\/ugelchucuito.edu.pe\/portal\/2019\/03\/06\/resultados-evaluacion-tecnica-convocatoria-cas-001-especialista-en-convivencia-bajo-el-regimen-especial-de-contratacion-administrativa-de-servicios-2019\/","title":{"rendered":"RESULTADOS EVALUACI\u00d3N T\u00c9CNICA: CONVOCATORIA CAS 001: ESPECIALISTA EN CONVIVENCIA BAJO EL R\u00c9GIMEN ESPECIAL DE CONTRATACI\u00d3N ADMINISTRATIVA DE SERVICIOS \u2013 2019"},"content":{"rendered":"<p><a href=\"http:\/\/ugelchucuito.edu.pe\/portal\/wp-content\/uploads\/2019\/03\/CAS-SEDE-UGEL-CHUCUITO-JULI-convivencia-asitencia-tecnica-1.pdf\" target=\"_blank\" rel=\"noopener\">VER RESULTADOS DE LA EVALUACI\u00d3N T\u00c9CNICA<\/a><\/p>\n<p>NOTA: LA ENTREVISTA PERSONAL PARA LOS POSTULANTES APTOS SE REALIZAR\u00c1 SEG\u00daN CRONOGRAMA (JUEVES 07-03-2019) A PARTIR DE LAS 10:00 A.M.<\/p>\n<p>LA COMISI\u00d3N<\/p>\n","protected":false},"excerpt":{"rendered":"<p>VER RESULTADOS DE LA EVALUACI\u00d3N T\u00c9CNICA NOTA: LA ENTREVISTA PERSONAL PARA LOS POSTULANTES APTOS SE REALIZAR\u00c1 SEG\u00daN CRONOGRAMA (JUEVES 07-03-2019) A PARTIR DE LAS 10:00 A.M. LA COMISI\u00d3N<\/p>\n","protected":false},"author":3,"featured_media":0,"comment_status":"open","ping_status":"open","sticky":false,"template":"","format":"standard","meta":{"footnotes":""},"categories":[],"tags":[],"class_list":["post-5772","post","type-post","status-publish","format-standard","hentry"],"_links":{"self":[{"href":"https:\/\/ugelchucuito.edu.pe\/portal\/wp-json\/wp\/v2\/posts\/5772","targetHints":{"allow":["GET"]}}],"collection":[{"href":"https:\/\/ugelchucuito.edu.pe\/portal\/wp-json\/wp\/v2\/posts"}],"about":[{"href":"https:\/\/ugelchucuito.edu.pe\/portal\/wp-json\/wp\/v2\/types\/post"}],"author":[{"embeddable":true,"href":"https:\/\/ugelchucuito.edu.pe\/portal\/wp-json\/wp\/v2\/users\/3"}],"replies":[{"embeddable":true,"href":"https:\/\/ugelchucuito.edu.pe\/portal\/wp-json\/wp\/v2\/comments?post=5772"}],"version-history":[{"count":1,"href":"https:\/\/ugelchucuito.edu.pe\/portal\/wp-json\/wp\/v2\/posts\/5772\/revisions"}],"predecessor-version":[{"id":5777,"href":"https:\/\/ugelchucuito.edu.pe\/portal\/wp-json\/wp\/v2\/posts\/5772\/revisions\/5777"}],"wp:attachment":[{"href":"https:\/\/ugelchucuito.edu.pe\/portal\/wp-json\/wp\/v2\/media?parent=5772"}],"wp:term":[{"taxonomy":"category","embeddable":true,"href":"https:\/\/ugelchucuito.edu.pe\/portal\/wp-json\/wp\/v2\/categories?post=5772"},{"taxonomy":"post_tag","embeddable":true,"href":"https:\/\/ugelchucuito.edu.pe\/portal\/wp-json\/wp\/v2\/tags?post=5772"}],"curies":[{"name":"wp","href":"https:\/\/api.w.org\/{rel}","templated":true}]}}