{"id":5846,"date":"2019-03-13T18:51:59","date_gmt":"2019-03-13T23:51:59","guid":{"rendered":"http:\/\/ugelchucuito.edu.pe\/portal\/?p=5846"},"modified":"2019-03-14T22:48:58","modified_gmt":"2019-03-15T03:48:58","slug":"taller-de-capacitacion-proceso-de-racionalizacion-2019-horas-efectivas-documentos-de-gestion-mi-mantenimiento-y-cronograma-de-cora-ugel","status":"publish","type":"post","link":"https:\/\/ugelchucuito.edu.pe\/portal\/2019\/03\/13\/taller-de-capacitacion-proceso-de-racionalizacion-2019-horas-efectivas-documentos-de-gestion-mi-mantenimiento-y-cronograma-de-cora-ugel\/","title":{"rendered":"TALLER DE CAPACITACI\u00d3N: PROCESO DE RACIONALIZACI\u00d3N 2019, HORAS EFECTIVAS, DOCUMENTOS DE GESTI\u00d3N, MI MANTENIMIENTO Y CRONOGRAMA DE CORA-UGEL"},"content":{"rendered":"<p style=\"text-align: center\"><span style=\"color: #ff0000;font-size: 18px\">SE COMUNICA A LOS SE\u00d1ORES DIRECTORES DE II.EE. POLIDOCENTES COMPLETOS Y MULTIGRADOS DE TODOS LOS NIVELES Y MODALIDADES QUE, EL \u00c1REA DE GESTI\u00d3N INSTITUCIONAL REALIZAR\u00c1 EL TALLER DE CAPACITACI\u00d3N&#8230;<\/span><\/p>\n<p><a href=\"http:\/\/ugelchucuito.edu.pe\/portal\/wp-content\/uploads\/2019\/03\/OFICIO-MULT-N\u00b0007-2019-DREP-UGEL-CHJ_Cronograma-y-Taller-Capacitaci\u00f3n.pdf\" target=\"_blank\" rel=\"noopener\">VER OFICIO MULT N\u00b0007-2019-DREP-UGEL CHJ<\/a><\/p>\n<p><strong><span style=\"color: #993366\">EJECUCI\u00d3N DEL PROCESO DE RACIONALIZACI\u00d3N 2019 DE DOCENTES Y AUXILIARES DE EDUCACI\u00d3N<\/span><\/strong><\/p>\n<p><a href=\"http:\/\/ugelchucuito.edu.pe\/portal\/wp-content\/uploads\/2019\/03\/R.M.-N\u00b0721-2018-MINEDU-Personal-Docente-y-Aux-Educaci\u00f3n.pdf\" target=\"_blank\" rel=\"noopener\">VER R.M. N\u00b0721-2018-MINEDU<\/a><\/p>\n<p><a href=\"http:\/\/ugelchucuito.edu.pe\/portal\/wp-content\/uploads\/2019\/03\/CRONOGRAMA-RACIONALIZAI\u00d3N-UGEL-CHUCUITO_RM-721-2018-MINEDU.pdf\">VER CRONOGRAMA RACIONALIZACI\u00d3N DOCENTES Y AUXILIARES EDUCACI\u00d3N<\/a><\/p>\n<p><span style=\"color: #993366\"><b>EJECUCI\u00d3N<\/b><\/span><strong><span style=\"color: #993366\">\u00a0DEL PROCESO DE RACIONALIZACI\u00d3N 2019 PERSONAL ADMINISTRATIVO<\/span><\/strong><\/p>\n<p><a href=\"http:\/\/ugelchucuito.edu.pe\/portal\/wp-content\/uploads\/2019\/03\/D.S.-N\u00b0005-2011-ED-Personal-Administrativo.pdf\" target=\"_blank\" rel=\"noopener\">VER D.S. N\u00b0005-2011-ED<\/a><\/p>\n<p><a href=\"http:\/\/ugelchucuito.edu.pe\/portal\/wp-content\/uploads\/2019\/03\/CRONOGRAMA-RACIONALIZAI\u00d3N-UGEL-CHUCUITO_DS-005-2011-ED.pdf\" target=\"_blank\" rel=\"noopener\">VER CRONOGRAMA RACIONALIZACI\u00d3N PERSONAL ADMINISTRATIVO<\/a><\/p>\n","protected":false},"excerpt":{"rendered":"<p>SE COMUNICA A LOS SE\u00d1ORES DIRECTORES DE II.EE. POLIDOCENTES COMPLETOS Y MULTIGRADOS DE TODOS LOS NIVELES Y MODALIDADES QUE, EL \u00c1REA DE GESTI\u00d3N INSTITUCIONAL REALIZAR\u00c1 EL TALLER DE CAPACITACI\u00d3N&#8230; VER OFICIO MULT N\u00b0007-2019-DREP-UGEL CHJ EJECUCI\u00d3N DEL PROCESO DE RACIONALIZACI\u00d3N 2019 DE DOCENTES Y AUXILIARES DE EDUCACI\u00d3N VER R.M. N\u00b0721-2018-MINEDU VER CRONOGRAMA RACIONALIZACI\u00d3N DOCENTES Y AUXILIARES [&hellip;]<\/p>\n","protected":false},"author":11,"featured_media":0,"comment_status":"open","ping_status":"open","sticky":false,"template":"","format":"standard","meta":{"footnotes":""},"categories":[],"tags":[],"class_list":["post-5846","post","type-post","status-publish","format-standard","hentry"],"_links":{"self":[{"href":"https:\/\/ugelchucuito.edu.pe\/portal\/wp-json\/wp\/v2\/posts\/5846","targetHints":{"allow":["GET"]}}],"collection":[{"href":"https:\/\/ugelchucuito.edu.pe\/portal\/wp-json\/wp\/v2\/posts"}],"about":[{"href":"https:\/\/ugelchucuito.edu.pe\/portal\/wp-json\/wp\/v2\/types\/post"}],"author":[{"embeddable":true,"href":"https:\/\/ugelchucuito.edu.pe\/portal\/wp-json\/wp\/v2\/users\/11"}],"replies":[{"embeddable":true,"href":"https:\/\/ugelchucuito.edu.pe\/portal\/wp-json\/wp\/v2\/comments?post=5846"}],"version-history":[{"count":2,"href":"https:\/\/ugelchucuito.edu.pe\/portal\/wp-json\/wp\/v2\/posts\/5846\/revisions"}],"predecessor-version":[{"id":5878,"href":"https:\/\/ugelchucuito.edu.pe\/portal\/wp-json\/wp\/v2\/posts\/5846\/revisions\/5878"}],"wp:attachment":[{"href":"https:\/\/ugelchucuito.edu.pe\/portal\/wp-json\/wp\/v2\/media?parent=5846"}],"wp:term":[{"taxonomy":"category","embeddable":true,"href":"https:\/\/ugelchucuito.edu.pe\/portal\/wp-json\/wp\/v2\/categories?post=5846"},{"taxonomy":"post_tag","embeddable":true,"href":"https:\/\/ugelchucuito.edu.pe\/portal\/wp-json\/wp\/v2\/tags?post=5846"}],"curies":[{"name":"wp","href":"https:\/\/api.w.org\/{rel}","templated":true}]}}