{"id":5853,"date":"2019-03-13T20:48:24","date_gmt":"2019-03-14T01:48:24","guid":{"rendered":"http:\/\/ugelchucuito.edu.pe\/portal\/?p=5853"},"modified":"2019-03-15T17:43:14","modified_gmt":"2019-03-15T22:43:14","slug":"cronograma-regional-proceso-de-contrato-de-servicio-de-personal-de-las-intervenciones-y-acciones-pedagogicas-en-el-marco-de-los-programas-presupuestales-0090-0091-y-0106-para-el-ano-2019-resolucion","status":"publish","type":"post","link":"https:\/\/ugelchucuito.edu.pe\/portal\/2019\/03\/13\/cronograma-regional-proceso-de-contrato-de-servicio-de-personal-de-las-intervenciones-y-acciones-pedagogicas-en-el-marco-de-los-programas-presupuestales-0090-0091-y-0106-para-el-ano-2019-resolucion\/","title":{"rendered":"PROCESO DE CONTRATO DE SERVICIO DE PERSONAL DE LAS INTERVENCIONES Y ACCIONES PEDAG\u00d3GICAS EN EL MARCO DE LOS PROGRAMAS PRESUPUESTALES 0090, 0091 Y 0106 PARA EL A\u00d1O 2019 RESOLUCI\u00d3N VICEMINISTERIAL N\u00b0 030-2019-MINEDU"},"content":{"rendered":"<p><span style=\"color: #0000ff\"><a style=\"color: #0000ff\" href=\"http:\/\/ugelchucuito.edu.pe\/portal\/wp-content\/uploads\/2019\/03\/Cronograma-Programas-presupuestales.pdf\" target=\"_blank\" rel=\"noopener\">VER CRONOGRAMA REGIONAL<\/a><\/span><\/p>\n<p><a href=\"http:\/\/ugelchucuito.edu.pe\/portal\/wp-content\/uploads\/2019\/03\/Plazas-vacantes.pdf\" target=\"_blank\" rel=\"noopener\"><span style=\"color: #0000ff\">VER PLAZAS VACANTES<\/span><\/a>\u00a0<img loading=\"lazy\" decoding=\"async\" class=\"alignnone wp-image-4706\" src=\"http:\/\/ugelchucuito.edu.pe\/portal\/wp-content\/uploads\/2018\/11\/nuevo-300x166.gif\" alt=\"\" width=\"42\" height=\"24\" \/><\/p>\n<p><span style=\"color: #0000ff\">VER TDR:\u00a0<img loading=\"lazy\" decoding=\"async\" class=\"alignnone wp-image-4706\" src=\"http:\/\/ugelchucuito.edu.pe\/portal\/wp-content\/uploads\/2018\/11\/nuevo-300x166.gif\" alt=\"\" width=\"42\" height=\"24\" \/><\/span><\/p>\n<p><span style=\"color: #3366ff\"><a style=\"color: #3366ff\" href=\"http:\/\/ugelchucuito.edu.pe\/portal\/wp-content\/uploads\/2019\/03\/1-1.11.pdf\" target=\"_blank\" rel=\"noopener\">1 TDR 1.11 COORDINADOR DE INNOVACI\u00d3N Y SOPORTE TECNOL\u00d3GICO JEC.<\/a><\/span><\/p>\n<p><span style=\"color: #3366ff\"><a style=\"color: #3366ff\" href=\"http:\/\/ugelchucuito.edu.pe\/portal\/wp-content\/uploads\/2019\/03\/2-1.12.pdf\" target=\"_blank\" rel=\"noopener\">2 TDR 1.12 PSIC\u00d3LOGO(A) JEC<\/a><\/span><\/p>\n<p><span style=\"color: #3366ff\"><a style=\"color: #3366ff\" href=\"http:\/\/ugelchucuito.edu.pe\/portal\/wp-content\/uploads\/2019\/03\/3-1.9.pdf\" target=\"_blank\" rel=\"noopener\">3 TDR 1.9 COORDINADOR(A) ADMINISTRATIVO(A) Y DE RECURSOS EDUCATIVOS PARA ZONAS RURALES JEC.<\/a><\/span><\/p>\n<p><span style=\"color: #3366ff\"><a style=\"color: #3366ff\" href=\"http:\/\/ugelchucuito.edu.pe\/portal\/wp-content\/uploads\/2019\/03\/4-1.10.pdf\" target=\"_blank\" rel=\"noopener\">4 TDR 1.10 COORDINADOR(A) ADMINISTRATIVO(A) Y DE RECURSOS EDUCATIVOS PARA ZONAS URBANAS JEC.<\/a><\/span><\/p>\n<p><span style=\"color: #3366ff\"><a style=\"color: #3366ff\" href=\"http:\/\/ugelchucuito.edu.pe\/portal\/wp-content\/uploads\/2019\/03\/5-1.13.pdf\" target=\"_blank\" rel=\"noopener\">5 TDR 1.13 APOYO EDUCATIVO JEC.<\/a><\/span><\/p>\n<p><span style=\"color: #3366ff\"><a style=\"color: #3366ff\" href=\"http:\/\/ugelchucuito.edu.pe\/portal\/wp-content\/uploads\/2019\/03\/6-1.14.pdf\" target=\"_blank\" rel=\"noopener\">6 TDR 1.14 SECRETARIA(O) JEC<\/a><\/span><\/p>\n<p><span style=\"color: #3366ff\"><a style=\"color: #3366ff\" href=\"http:\/\/ugelchucuito.edu.pe\/portal\/wp-content\/uploads\/2019\/03\/7-1.15.pdf\" target=\"_blank\" rel=\"noopener\">7 TDR 1.15 PERSONAL DE MANTENIMIENTO JEC.<\/a><\/span><\/p>\n<p><span style=\"color: #3366ff\"><a style=\"color: #3366ff\" href=\"http:\/\/ugelchucuito.edu.pe\/portal\/wp-content\/uploads\/2019\/03\/8-1.18.pdf\" target=\"_blank\" rel=\"noopener\">8 TDR 1.18 PERSONAL DE MANTENIMIENTO CRFA.<\/a><\/span><\/p>\n<p><span style=\"color: #3366ff\"><a style=\"color: #3366ff\" href=\"http:\/\/ugelchucuito.edu.pe\/portal\/wp-content\/uploads\/2019\/03\/8-1.19.pdf\" target=\"_blank\" rel=\"noopener\">9 TDR 1.19 PERSONAL DE COCINA. CRFA.<\/a><\/span><\/p>\n<p><span style=\"color: #3366ff\"><a style=\"color: #3366ff\" href=\"http:\/\/ugelchucuito.edu.pe\/portal\/wp-content\/uploads\/2019\/03\/9-1.21.pdf\" target=\"_blank\" rel=\"noopener\">10 TDR 1.21 GESTOR CURRICULAR DE EDUCACI\u00d3N PRIMARIA.<\/a><\/span><\/p>\n<p><span style=\"color: #3366ff\"><a style=\"color: #3366ff\" href=\"http:\/\/ugelchucuito.edu.pe\/portal\/wp-content\/uploads\/2019\/03\/10-1.7.pdf\" target=\"_blank\" rel=\"noopener\">11 TDR 1.7 ACOMPA\u00d1ANTE PEDAG\u00d3GICO EIB INICIAL.<\/a><\/span><\/p>\n<p><span style=\"color: #3366ff\"><a style=\"color: #3366ff\" href=\"http:\/\/ugelchucuito.edu.pe\/portal\/wp-content\/uploads\/2019\/03\/11-1.8.pdf\" target=\"_blank\" rel=\"noopener\">12 TDR 1.8 ACOMPA\u00d1ANTE PEDAG\u00d3GICO EIB PRIMARIA.<\/a><\/span><\/p>\n<p><span style=\"color: #3366ff\"><a style=\"color: #3366ff\" href=\"http:\/\/ugelchucuito.edu.pe\/portal\/wp-content\/uploads\/2019\/03\/12-1.3.pdf\" target=\"_blank\" rel=\"noopener\">13 TDR 1.3 RESPONSABLE LOCAL DE CALIDAD DE LA INFORMACI\u00d3N.<\/a><\/span><\/p>\n<p><span style=\"color: #0000ff\"><a style=\"color: #0000ff\" href=\"http:\/\/ugelchucuito.edu.pe\/portal\/wp-content\/uploads\/2019\/03\/ANEXOS-CAS-JEC-2019-UGEL-CHUCUITO-JULI.docx\" target=\"_blank\" rel=\"noopener\">DESCARGAR ANEXOS-CAS-2019-UGEL-CHUCUITO JULI\u00a0<img loading=\"lazy\" decoding=\"async\" class=\"alignnone wp-image-4706\" src=\"http:\/\/ugelchucuito.edu.pe\/portal\/wp-content\/uploads\/2018\/11\/nuevo-300x166.gif\" alt=\"\" width=\"42\" height=\"24\" \/><\/a><\/span><\/p>\n","protected":false},"excerpt":{"rendered":"<p>VER CRONOGRAMA REGIONAL VER PLAZAS VACANTES\u00a0 VER TDR:\u00a0 1 TDR 1.11 COORDINADOR DE INNOVACI\u00d3N Y SOPORTE TECNOL\u00d3GICO JEC. 2 TDR 1.12 PSIC\u00d3LOGO(A) JEC 3 TDR 1.9 COORDINADOR(A) ADMINISTRATIVO(A) Y DE RECURSOS EDUCATIVOS PARA ZONAS RURALES JEC. 4 TDR 1.10 COORDINADOR(A) ADMINISTRATIVO(A) Y DE RECURSOS EDUCATIVOS PARA ZONAS URBANAS JEC. 5 TDR 1.13 APOYO EDUCATIVO JEC. [&hellip;]<\/p>\n","protected":false},"author":3,"featured_media":0,"comment_status":"open","ping_status":"open","sticky":false,"template":"","format":"standard","meta":{"footnotes":""},"categories":[],"tags":[],"class_list":["post-5853","post","type-post","status-publish","format-standard","hentry"],"_links":{"self":[{"href":"https:\/\/ugelchucuito.edu.pe\/portal\/wp-json\/wp\/v2\/posts\/5853","targetHints":{"allow":["GET"]}}],"collection":[{"href":"https:\/\/ugelchucuito.edu.pe\/portal\/wp-json\/wp\/v2\/posts"}],"about":[{"href":"https:\/\/ugelchucuito.edu.pe\/portal\/wp-json\/wp\/v2\/types\/post"}],"author":[{"embeddable":true,"href":"https:\/\/ugelchucuito.edu.pe\/portal\/wp-json\/wp\/v2\/users\/3"}],"replies":[{"embeddable":true,"href":"https:\/\/ugelchucuito.edu.pe\/portal\/wp-json\/wp\/v2\/comments?post=5853"}],"version-history":[{"count":10,"href":"https:\/\/ugelchucuito.edu.pe\/portal\/wp-json\/wp\/v2\/posts\/5853\/revisions"}],"predecessor-version":[{"id":5921,"href":"https:\/\/ugelchucuito.edu.pe\/portal\/wp-json\/wp\/v2\/posts\/5853\/revisions\/5921"}],"wp:attachment":[{"href":"https:\/\/ugelchucuito.edu.pe\/portal\/wp-json\/wp\/v2\/media?parent=5853"}],"wp:term":[{"taxonomy":"category","embeddable":true,"href":"https:\/\/ugelchucuito.edu.pe\/portal\/wp-json\/wp\/v2\/categories?post=5853"},{"taxonomy":"post_tag","embeddable":true,"href":"https:\/\/ugelchucuito.edu.pe\/portal\/wp-json\/wp\/v2\/tags?post=5853"}],"curies":[{"name":"wp","href":"https:\/\/api.w.org\/{rel}","templated":true}]}}