{"id":5893,"date":"2019-03-15T12:20:12","date_gmt":"2019-03-15T17:20:12","guid":{"rendered":"http:\/\/ugelchucuito.edu.pe\/portal\/?p=5893"},"modified":"2019-03-15T12:20:12","modified_gmt":"2019-03-15T17:20:12","slug":"convocatoria-a-docentes-del-nivel-secundaria-a-la-ii-ata-2019","status":"publish","type":"post","link":"https:\/\/ugelchucuito.edu.pe\/portal\/2019\/03\/15\/convocatoria-a-docentes-del-nivel-secundaria-a-la-ii-ata-2019\/","title":{"rendered":"CONVOCATORIA A DOCENTES DEL NIVEL SECUNDARIA A LA II ATA 2019"},"content":{"rendered":"<p>Estimad@s Colegas.<\/p>\n<p>Mediante <a href=\"http:\/\/ugelchucuito.edu.pe\/portal\/wp-content\/uploads\/2019\/03\/OFICIO-II-ATA.jpg\" target=\"_blank\" rel=\"noopener\"><u>OFICIO N\u00b0 278-2019-ME-GRP-DREP-UGELCHJ\/D<\/u><\/a> se convoca a todos los docentes del nivel secundaria, a la <strong>II Asistencia T\u00e9cnica Articulada (ATA)<\/strong> para la implementaci\u00f3n del <strong>Curr\u00edculo Nacional de la Educaci\u00f3n B\u00e1sica (CNEB)<\/strong>, en nuestra jurisdicci\u00f3n de la UGEL Chucuito; la misma que se desarrollar\u00e1 conforme a <a href=\"http:\/\/ugelchucuito.edu.pe\/portal\/wp-content\/uploads\/2019\/03\/OFICIO-II-ATA.jpg\" target=\"_blank\" rel=\"noopener\">oficio adjunto.<\/a><\/p>\n<p>Los docentes asistentes a la II ATA deber\u00e1n portar necesariamente:<\/p>\n<ul>\n<li>Laptop,<\/li>\n<li>Cable para extensi\u00f3n de electricidad,<\/li>\n<li>Evidencias de la identificaci\u00f3n del nivel de logro de aprendizajes de los estudiantes y<\/li>\n<li>Caracterizaci\u00f3n de sus estudiantes y su contexto.<\/li>\n<\/ul>\n<p>Vuestra participaci\u00f3n en esta II ATA ser\u00e1 de gran aporte a la implementaci\u00f3n del CNEB en el nivel secundaria, por ello se le solicita portar el permiso correspondiente, haciendo uso de la <strong><em>papeleta de salida<\/em><\/strong> y solo <strong><u>para la fecha programada<\/u><\/strong>, bajo responsabilidad.<\/p>\n<p>DESCARGAR\u00a0<a href=\"http:\/\/ugelchucuito.edu.pe\/portal\/wp-content\/uploads\/2019\/03\/OFICIO-II-ATA.jpg\" target=\"_blank\" rel=\"noopener\"><u>OFICIO N\u00b0 278-2019-ME-GRP-DREP-UGELCHJ\/D<\/u><\/a><\/p>\n","protected":false},"excerpt":{"rendered":"<p>Estimad@s Colegas. Mediante OFICIO N\u00b0 278-2019-ME-GRP-DREP-UGELCHJ\/D se convoca a todos los docentes del nivel secundaria, a la II Asistencia T\u00e9cnica Articulada (ATA) para la implementaci\u00f3n del Curr\u00edculo Nacional de la Educaci\u00f3n B\u00e1sica (CNEB), en nuestra jurisdicci\u00f3n de la UGEL Chucuito; la misma que se desarrollar\u00e1 conforme a oficio adjunto. Los docentes asistentes a la II [&hellip;]<\/p>\n","protected":false},"author":2,"featured_media":0,"comment_status":"open","ping_status":"open","sticky":false,"template":"","format":"standard","meta":{"footnotes":""},"categories":[],"tags":[],"class_list":["post-5893","post","type-post","status-publish","format-standard","hentry"],"_links":{"self":[{"href":"https:\/\/ugelchucuito.edu.pe\/portal\/wp-json\/wp\/v2\/posts\/5893","targetHints":{"allow":["GET"]}}],"collection":[{"href":"https:\/\/ugelchucuito.edu.pe\/portal\/wp-json\/wp\/v2\/posts"}],"about":[{"href":"https:\/\/ugelchucuito.edu.pe\/portal\/wp-json\/wp\/v2\/types\/post"}],"author":[{"embeddable":true,"href":"https:\/\/ugelchucuito.edu.pe\/portal\/wp-json\/wp\/v2\/users\/2"}],"replies":[{"embeddable":true,"href":"https:\/\/ugelchucuito.edu.pe\/portal\/wp-json\/wp\/v2\/comments?post=5893"}],"version-history":[{"count":1,"href":"https:\/\/ugelchucuito.edu.pe\/portal\/wp-json\/wp\/v2\/posts\/5893\/revisions"}],"predecessor-version":[{"id":5895,"href":"https:\/\/ugelchucuito.edu.pe\/portal\/wp-json\/wp\/v2\/posts\/5893\/revisions\/5895"}],"wp:attachment":[{"href":"https:\/\/ugelchucuito.edu.pe\/portal\/wp-json\/wp\/v2\/media?parent=5893"}],"wp:term":[{"taxonomy":"category","embeddable":true,"href":"https:\/\/ugelchucuito.edu.pe\/portal\/wp-json\/wp\/v2\/categories?post=5893"},{"taxonomy":"post_tag","embeddable":true,"href":"https:\/\/ugelchucuito.edu.pe\/portal\/wp-json\/wp\/v2\/tags?post=5893"}],"curies":[{"name":"wp","href":"https:\/\/api.w.org\/{rel}","templated":true}]}}