{"id":590,"date":"2017-08-28T22:23:39","date_gmt":"2017-08-29T03:23:39","guid":{"rendered":"http:\/\/ugelchucuito.edu.pe\/portal\/?p=590"},"modified":"2017-08-28T22:23:39","modified_gmt":"2017-08-29T03:23:39","slug":"comunicado-rutas-solidarias","status":"publish","type":"post","link":"https:\/\/ugelchucuito.edu.pe\/portal\/2017\/08\/28\/comunicado-rutas-solidarias\/","title":{"rendered":"COMUNICADO RUTAS SOLIDARIAS"},"content":{"rendered":"<p><strong>Se comunica a los se\u00f1ores Directores de las Instituciones Educativas de nivel Primaria y Secundaria quienes\u00a0 fueron beneficiados con los kit de bicicletas de la Iniciativa Rutas Solidarias; \u00a0de acuerdo al Oficio N\u00b0 018-2017-MINEDU\/VMG\/DIGC\/DIGE deben\u00a0 realizar \u00a0actividades \u00a0de \u00a0jornada de Mantenimiento T\u00e9cnico\u00a0 a las bicicletas a su cargo\u00a0 con los responsables de la Iniciativa de su IIEE. Seg\u00fan cronograma para el buen estado de las Bicicletas.<\/strong><\/p>\n<p><strong>Una vez terminada el mantenimiento, \u00a0llenar la ficha de aplicaci\u00f3n de Mantenimiento Mec\u00e1nico(en Excel) de la IIEE (seg\u00fan el instructivo), y luego \u00a0enviar a los correos: <\/strong><\/p>\n<p><a href=\"mailto:rutassolidarias@minedu.gob.pe\"><strong>rutassolidarias@minedu.gob.pe<\/strong><\/a><strong>; y al correo: <\/strong><a href=\"mailto:jbalconacuno@gmail.com\"><strong>jbalconacuno@gmail.com<\/strong><\/a><\/p>\n<h3 style=\"text-align: center;\"><span style=\"color: #ff0000;\"><strong>\u00a0<\/strong><strong>HASTA EL DIA 15 DE SETIEMBRE COMO FECHA LIMITE<\/strong><\/span><\/h3>\n<h3><span style=\"color: #000080;\"><strong>\u00a0<\/strong><strong>DESCARGAR:<\/strong><\/span><\/h3>\n<p><strong>&#8211;<a href=\"http:\/\/ugelchucuito.edu.pe\/portal\/wp-content\/uploads\/2017\/08\/OFICIO-N_018-2017-MINEDU-VMGI-DIGC-DIGE.pdf\" target=\"_blank\" rel=\"noopener\">OFICIO<\/a><\/strong><\/p>\n<p><strong>&#8211;<a href=\"http:\/\/ugelchucuito.edu.pe\/portal\/wp-content\/uploads\/2017\/08\/Instructivo-Mantenimiento-RUTAS-SOLIDARIAS-2017.docx\" target=\"_blank\" rel=\"noopener\">INSTRUCTIVO<\/a><\/strong><\/p>\n<p><strong>&#8211;<a href=\"http:\/\/ugelchucuito.edu.pe\/portal\/wp-content\/uploads\/2017\/08\/FICHA_DE_APLICACION_DE_MANTENIMIENTO_DE_LA_INSTITUCION_EDUCATIVA_11_07.xlsx\" target=\"_blank\" rel=\"noopener\">FICHA DE APLICACI\u00d3N DE MANTENIMIENTO<\/a><\/strong><\/p>\n<p>&nbsp;<\/p>\n<p><strong>Cualquier consulta o dudas para el llenado comunicarse a:<\/strong><\/p>\n<p><strong>Cel. 985454520<\/strong><\/p>\n<p><strong>Cel. 964809999<\/strong><\/p>\n<p><strong>Juli, 08 de agosto de 2017.<\/strong><\/p>\n<p><strong>Atte,<\/strong><\/p>\n<p><strong>Jose Balcona Cuno<\/strong><\/p>\n<p><strong>Especialista responsable de IRS<\/strong><\/p>\n","protected":false},"excerpt":{"rendered":"<p>Se comunica a los se\u00f1ores Directores de las Instituciones Educativas de nivel Primaria y Secundaria quienes\u00a0 fueron beneficiados con los kit de bicicletas de la Iniciativa Rutas Solidarias; \u00a0de acuerdo al Oficio N\u00b0 018-2017-MINEDU\/VMG\/DIGC\/DIGE deben\u00a0 realizar \u00a0actividades \u00a0de \u00a0jornada de Mantenimiento T\u00e9cnico\u00a0 a las bicicletas a su cargo\u00a0 con los responsables de la Iniciativa de [&hellip;]<\/p>\n","protected":false},"author":1,"featured_media":0,"comment_status":"open","ping_status":"open","sticky":false,"template":"","format":"standard","meta":{"footnotes":""},"categories":[],"tags":[],"class_list":["post-590","post","type-post","status-publish","format-standard","hentry"],"_links":{"self":[{"href":"https:\/\/ugelchucuito.edu.pe\/portal\/wp-json\/wp\/v2\/posts\/590","targetHints":{"allow":["GET"]}}],"collection":[{"href":"https:\/\/ugelchucuito.edu.pe\/portal\/wp-json\/wp\/v2\/posts"}],"about":[{"href":"https:\/\/ugelchucuito.edu.pe\/portal\/wp-json\/wp\/v2\/types\/post"}],"author":[{"embeddable":true,"href":"https:\/\/ugelchucuito.edu.pe\/portal\/wp-json\/wp\/v2\/users\/1"}],"replies":[{"embeddable":true,"href":"https:\/\/ugelchucuito.edu.pe\/portal\/wp-json\/wp\/v2\/comments?post=590"}],"version-history":[{"count":1,"href":"https:\/\/ugelchucuito.edu.pe\/portal\/wp-json\/wp\/v2\/posts\/590\/revisions"}],"predecessor-version":[{"id":595,"href":"https:\/\/ugelchucuito.edu.pe\/portal\/wp-json\/wp\/v2\/posts\/590\/revisions\/595"}],"wp:attachment":[{"href":"https:\/\/ugelchucuito.edu.pe\/portal\/wp-json\/wp\/v2\/media?parent=590"}],"wp:term":[{"taxonomy":"category","embeddable":true,"href":"https:\/\/ugelchucuito.edu.pe\/portal\/wp-json\/wp\/v2\/categories?post=590"},{"taxonomy":"post_tag","embeddable":true,"href":"https:\/\/ugelchucuito.edu.pe\/portal\/wp-json\/wp\/v2\/tags?post=590"}],"curies":[{"name":"wp","href":"https:\/\/api.w.org\/{rel}","templated":true}]}}