{"id":5980,"date":"2019-04-27T10:59:32","date_gmt":"2019-04-27T15:59:32","guid":{"rendered":"http:\/\/ugelchucuito.edu.pe\/portal\/?p=5980"},"modified":"2019-04-28T20:36:13","modified_gmt":"2019-04-29T01:36:13","slug":"proceso-de-evaluacion-de-dominio-de-lengua-originaria-2019","status":"publish","type":"post","link":"https:\/\/ugelchucuito.edu.pe\/portal\/2019\/04\/27\/proceso-de-evaluacion-de-dominio-de-lengua-originaria-2019\/","title":{"rendered":"PROCESO DE EVALUACI\u00d3N DE DOMINIO DE LENGUA ORIGINARIA 2019 (Inscripciones hasta el 30 de abril)"},"content":{"rendered":"<p>Se comunica a los \u00a0docentes, estudiantes de los ISP, Universidades, promotores de PRONOEI, auxiliares de educaci\u00f3n y aquellos docentes que su constancia est\u00e1 por expirar, entendiendo que la vigencia del registro es de tres a\u00f1os. A que puedan inscribirse para la evaluaci\u00f3n oral y escrito en la lengua aimara para el Registro Nacional de Docentes Biling\u00fces del Per\u00fa. Seg\u00fan cronograma emitida de la DIGEIBIRA para los evaluados \u00a0del 15 marzo hasta el 30 de abr\u00edl y para evaluadores hasta el 27 de marzo sin pr\u00f3rroga. Al siguiente Link, <a href=\"http:\/\/www.minedu.gob.pe\/evaluacion-lengua-originaria\/\">http:\/\/www.minedu.gob.pe\/evaluacion-lengua-originaria\/<\/a> momento de inscribirse escriba correctamente sus datos, especialmente su DNI, correo electr\u00f3nico, lengua a evaluar y UGEL donde se evaluar\u00e1, se recomienda que\u00a0la UGEL\u00a0sea en donde est\u00e1 trabajando. La evaluaci\u00f3n ser\u00e1 en oral y escrita.<\/p>\n<p>&nbsp;<\/p>\n<p><img loading=\"lazy\" decoding=\"async\" class=\"alignnone wp-image-5981 size-large\" src=\"http:\/\/ugelchucuito.edu.pe\/portal\/wp-content\/uploads\/2019\/03\/cronograma-evaluacion-eib-2019-1024x1024.jpg\" alt=\"\" width=\"1000\" height=\"1000\" \/><\/p>\n<p style=\"text-align: center;\">Atentamente, Esp. EIB<\/p>\n","protected":false},"excerpt":{"rendered":"<p>Se comunica a los \u00a0docentes, estudiantes de los ISP, Universidades, promotores de PRONOEI, auxiliares de educaci\u00f3n y aquellos docentes que su constancia est\u00e1 por expirar, entendiendo que la vigencia del registro es de tres a\u00f1os. A que puedan inscribirse para la evaluaci\u00f3n oral y escrito en la lengua aimara para el Registro Nacional de Docentes [&hellip;]<\/p>\n","protected":false},"author":1,"featured_media":0,"comment_status":"open","ping_status":"open","sticky":false,"template":"","format":"standard","meta":{"footnotes":""},"categories":[],"tags":[],"class_list":["post-5980","post","type-post","status-publish","format-standard","hentry"],"_links":{"self":[{"href":"https:\/\/ugelchucuito.edu.pe\/portal\/wp-json\/wp\/v2\/posts\/5980","targetHints":{"allow":["GET"]}}],"collection":[{"href":"https:\/\/ugelchucuito.edu.pe\/portal\/wp-json\/wp\/v2\/posts"}],"about":[{"href":"https:\/\/ugelchucuito.edu.pe\/portal\/wp-json\/wp\/v2\/types\/post"}],"author":[{"embeddable":true,"href":"https:\/\/ugelchucuito.edu.pe\/portal\/wp-json\/wp\/v2\/users\/1"}],"replies":[{"embeddable":true,"href":"https:\/\/ugelchucuito.edu.pe\/portal\/wp-json\/wp\/v2\/comments?post=5980"}],"version-history":[{"count":2,"href":"https:\/\/ugelchucuito.edu.pe\/portal\/wp-json\/wp\/v2\/posts\/5980\/revisions"}],"predecessor-version":[{"id":6486,"href":"https:\/\/ugelchucuito.edu.pe\/portal\/wp-json\/wp\/v2\/posts\/5980\/revisions\/6486"}],"wp:attachment":[{"href":"https:\/\/ugelchucuito.edu.pe\/portal\/wp-json\/wp\/v2\/media?parent=5980"}],"wp:term":[{"taxonomy":"category","embeddable":true,"href":"https:\/\/ugelchucuito.edu.pe\/portal\/wp-json\/wp\/v2\/categories?post=5980"},{"taxonomy":"post_tag","embeddable":true,"href":"https:\/\/ugelchucuito.edu.pe\/portal\/wp-json\/wp\/v2\/tags?post=5980"}],"curies":[{"name":"wp","href":"https:\/\/api.w.org\/{rel}","templated":true}]}}