{"id":610,"date":"2017-09-04T21:17:11","date_gmt":"2017-09-05T02:17:11","guid":{"rendered":"http:\/\/ugelchucuito.edu.pe\/portal\/?p=610"},"modified":"2017-09-04T21:17:53","modified_gmt":"2017-09-05T02:17:53","slug":"comunicado-no-018-contrato-docente-2017","status":"publish","type":"post","link":"https:\/\/ugelchucuito.edu.pe\/portal\/2017\/09\/04\/comunicado-no-018-contrato-docente-2017\/","title":{"rendered":"COMUNICADO N\u00ba 018 \u2013 CONTRATO DOCENTE 2017"},"content":{"rendered":"<h2>A los postulantes interesados de contrato en plazas vacantes generadas por diferentes motivos, que la adjudicaci\u00f3n programada para el d\u00eda viernes 25 de agosto, se efectuar\u00e1 el d\u00eda mi\u00e9rcoles 06 de setiembre del presente a\u00f1o a horas 2.30 p.m. haciendo p\u00fablico esta informaci\u00f3n de acuerdo al Decreto Supremo N\u00ba 001-2017-MINEDU.<\/h2>\n<h2 style=\"text-align: center;\">\u00a0Juli, 04 de setiembre del 2017.<\/h2>\n<h2 style=\"text-align: center;\"><strong>\u00a0<\/strong><\/h2>\n<h2 style=\"text-align: center;\"><strong>La comisi\u00f3n.<\/strong><\/h2>\n","protected":false},"excerpt":{"rendered":"<p>A los postulantes interesados de contrato en plazas vacantes generadas por diferentes motivos, que la adjudicaci\u00f3n programada para el d\u00eda viernes 25 de agosto, se efectuar\u00e1 el d\u00eda mi\u00e9rcoles 06 de setiembre del presente a\u00f1o a horas 2.30 p.m. haciendo p\u00fablico esta informaci\u00f3n de acuerdo al Decreto Supremo N\u00ba 001-2017-MINEDU. \u00a0Juli, 04 de setiembre del [&hellip;]<\/p>\n","protected":false},"author":1,"featured_media":0,"comment_status":"open","ping_status":"open","sticky":false,"template":"","format":"standard","meta":{"footnotes":""},"categories":[],"tags":[],"class_list":["post-610","post","type-post","status-publish","format-standard","hentry"],"_links":{"self":[{"href":"https:\/\/ugelchucuito.edu.pe\/portal\/wp-json\/wp\/v2\/posts\/610","targetHints":{"allow":["GET"]}}],"collection":[{"href":"https:\/\/ugelchucuito.edu.pe\/portal\/wp-json\/wp\/v2\/posts"}],"about":[{"href":"https:\/\/ugelchucuito.edu.pe\/portal\/wp-json\/wp\/v2\/types\/post"}],"author":[{"embeddable":true,"href":"https:\/\/ugelchucuito.edu.pe\/portal\/wp-json\/wp\/v2\/users\/1"}],"replies":[{"embeddable":true,"href":"https:\/\/ugelchucuito.edu.pe\/portal\/wp-json\/wp\/v2\/comments?post=610"}],"version-history":[{"count":2,"href":"https:\/\/ugelchucuito.edu.pe\/portal\/wp-json\/wp\/v2\/posts\/610\/revisions"}],"predecessor-version":[{"id":612,"href":"https:\/\/ugelchucuito.edu.pe\/portal\/wp-json\/wp\/v2\/posts\/610\/revisions\/612"}],"wp:attachment":[{"href":"https:\/\/ugelchucuito.edu.pe\/portal\/wp-json\/wp\/v2\/media?parent=610"}],"wp:term":[{"taxonomy":"category","embeddable":true,"href":"https:\/\/ugelchucuito.edu.pe\/portal\/wp-json\/wp\/v2\/categories?post=610"},{"taxonomy":"post_tag","embeddable":true,"href":"https:\/\/ugelchucuito.edu.pe\/portal\/wp-json\/wp\/v2\/tags?post=610"}],"curies":[{"name":"wp","href":"https:\/\/api.w.org\/{rel}","templated":true}]}}