{"id":625,"date":"2017-09-05T16:58:50","date_gmt":"2017-09-05T21:58:50","guid":{"rendered":"http:\/\/ugelchucuito.edu.pe\/portal\/?p=625"},"modified":"2017-09-06T00:41:41","modified_gmt":"2017-09-06T05:41:41","slug":"urgente-plan-de-recuperacion-de-horas-efectivas-hasta-el-jueves-07-de-septiembre","status":"publish","type":"post","link":"https:\/\/ugelchucuito.edu.pe\/portal\/2017\/09\/05\/urgente-plan-de-recuperacion-de-horas-efectivas-hasta-el-jueves-07-de-septiembre\/","title":{"rendered":"URGENTE: PLAN DE RECUPERACI\u00d3N DE HORAS EFECTIVAS &#8211; SEG\u00daN DIRECTIVA 0028-DREP (HASTA EL JUEVES 07 DE SEPTIEMBRE)"},"content":{"rendered":"<h3>La UGEL Chucuito Juli, comunica a los Directores y Directoras de las Instituciones Educativas de Educaci\u00f3n B\u00e1sica y T\u00e9cnico Productiva de nuestro \u00e1mbito provincial que <strong><u>bajo responsabilidad<\/u><\/strong> deber\u00e1n reportar el <strong><span style=\"color: #ff0000;\">PLAN DE RECUPERACI\u00d3N DE HORAS EFECTIVAS y su respectiva RECALENDARIZACI\u00d3N<\/span><\/strong>, aprobado por RD institucional, el cual deber\u00e1 elaborarse en funci\u00f3n al plan regional de recuperaci\u00f3n de horas efectivas aprobado por RD-1543-2017-DREP, Directiva 0028-DREP y la normatividad vigente.<\/h3>\n<h3>El plazo de presentaci\u00f3n es improrrogable hasta el <span style=\"color: #ff0000;\"><strong><u>07 de setiembre<\/u><\/strong> del a\u00f1o en curso (a partir de las 02:00 p.m.)<\/span>.<\/h3>\n<h3>Documentos a presentar para su aprobaci\u00f3n:<\/h3>\n<ul>\n<li>\n<h3>Resoluci\u00f3n Directoral del plan de recuperaci\u00f3n de horas efectivas.<\/h3>\n<\/li>\n<li>\n<h3>Plan de Recuperaci\u00f3n de Horas Efectivas, seg\u00fan modelo adjunto (formato word).<\/h3>\n<\/li>\n<li>\n<h3>Recalendarizaci\u00f3n reajustada seg\u00fan aplicativo adjunto (formato excel).<\/h3>\n<\/li>\n<li>\n<h3>Acta de compromiso de los docentes que asumen la recuperaci\u00f3n de horas lectivas.<\/h3>\n<\/li>\n<li>\n<h3>Acta de compromiso de los padres o madres de familia que se comprometen a mandar a sus hijos o hijas a la Instituci\u00f3n Educativa en los d\u00edas programados a recuperar.<\/h3>\n<\/li>\n<li>\n<h3>Copia de Resoluci\u00f3n Directora de CONEI.<\/h3>\n<p><span style=\"color: #ffffff;\">&#8211;<\/span><\/li>\n<\/ul>\n<h1 style=\"text-align: center;\"><span style=\"color: #ff0000;\">PRESENTAR DICHOS DOCUMENTOS 01 POR MESA DE PARTE Y 01 COPIA AL ESPECIALISTA DEL NIVEL EN AGP<\/span><\/h1>\n<p><span style=\"color: #ffffff;\">&#8211;<\/span><\/p>\n<h1 style=\"text-align: center;\"><span style=\"color: #0000ff;\">EN DIGITAL <span style=\"color: #ff0000;\"><span style=\"color: #000080;\">(plan de recuperaci\u00f3n en word y recalendarizaci\u00f3n en excel)<\/span>\u00a0<\/span>ENVIARLO A: <span style=\"color: #ff0000;\">agpugelchucuito@gmail.com<\/span><\/span><\/h1>\n<p><span style=\"color: #ffffff;\">&#8211;<\/span><\/p>\n<h3 style=\"text-align: right;\">Juli, 05 de setiembre de 2017<\/h3>\n<h3 style=\"text-align: right;\">Direcci\u00f3n \u2013 Chucuito Juli<\/h3>\n<h3>\u00a0<span style=\"color: #ffffff;\">&#8211;<\/span><\/h3>\n<h2><span style=\"color: #ff0000;\">DESCARGAR FORMATOS:<\/span><\/h2>\n<h2><a href=\"http:\/\/ugelchucuito.edu.pe\/portal\/wp-content\/uploads\/2017\/09\/Plan-IIEE-de-recuperacion.docx\" target=\"_blank\" rel=\"noopener\">PLAN DE RECUPERACI\u00d3N DE HORAS EFECTIVAS (FORMATO WORD)<\/a><\/h2>\n<h2><a href=\"http:\/\/ugelchucuito.edu.pe\/portal\/wp-content\/uploads\/2017\/09\/APLICATIVO-RECALENDARIZACI\u00d3N-2017-SEG\u00daN-DIRECTIVA-0028-DREP.xlsx\" target=\"_blank\" rel=\"noopener\">APLICATIVO RECALENDARIZACI\u00d3N 2017 (SEG\u00daN DIRECTIVA 0028-DREP)<\/a><\/h2>\n<h3><span style=\"color: #ffffff;\">&#8211;<\/span><\/h3>\n<h2><span style=\"color: #ff0000;\">NORMATIVIDAD RECUPERACION DE HORAS EFECTIVAS DREP:<\/span><\/h2>\n<h2><a href=\"http:\/\/ugelchucuito.edu.pe\/portal\/wp-content\/uploads\/2017\/09\/DIRECTIVA-N.0028-REC.HORAS_.pdf\" target=\"_blank\" rel=\"noopener\">DIRECTIVA N.0028 &#8211; LINEAMIENTO PARA RECUPERAR HORAS EFECTIVAS<\/a><\/h2>\n<h2><a href=\"http:\/\/ugelchucuito.edu.pe\/portal\/wp-content\/uploads\/2017\/09\/RESOLUCION-DIRECTORAL-REGIONAL-N\u00ba-1543-2017-DREP.pdf\" target=\"_blank\" rel=\"noopener\">RESOLUCI\u00d3N DIRECTORAL REGIONAL N\u00ba 1543-2017-DREP<\/a><\/h2>\n","protected":false},"excerpt":{"rendered":"<p>La UGEL Chucuito Juli, comunica a los Directores y Directoras de las Instituciones Educativas de Educaci\u00f3n B\u00e1sica y T\u00e9cnico Productiva de nuestro \u00e1mbito provincial que bajo responsabilidad deber\u00e1n reportar el PLAN DE RECUPERACI\u00d3N DE HORAS EFECTIVAS y su respectiva RECALENDARIZACI\u00d3N, aprobado por RD institucional, el cual deber\u00e1 elaborarse en funci\u00f3n al plan regional de recuperaci\u00f3n [&hellip;]<\/p>\n","protected":false},"author":1,"featured_media":0,"comment_status":"open","ping_status":"open","sticky":false,"template":"","format":"standard","meta":{"footnotes":""},"categories":[],"tags":[],"class_list":["post-625","post","type-post","status-publish","format-standard","hentry"],"_links":{"self":[{"href":"https:\/\/ugelchucuito.edu.pe\/portal\/wp-json\/wp\/v2\/posts\/625","targetHints":{"allow":["GET"]}}],"collection":[{"href":"https:\/\/ugelchucuito.edu.pe\/portal\/wp-json\/wp\/v2\/posts"}],"about":[{"href":"https:\/\/ugelchucuito.edu.pe\/portal\/wp-json\/wp\/v2\/types\/post"}],"author":[{"embeddable":true,"href":"https:\/\/ugelchucuito.edu.pe\/portal\/wp-json\/wp\/v2\/users\/1"}],"replies":[{"embeddable":true,"href":"https:\/\/ugelchucuito.edu.pe\/portal\/wp-json\/wp\/v2\/comments?post=625"}],"version-history":[{"count":14,"href":"https:\/\/ugelchucuito.edu.pe\/portal\/wp-json\/wp\/v2\/posts\/625\/revisions"}],"predecessor-version":[{"id":645,"href":"https:\/\/ugelchucuito.edu.pe\/portal\/wp-json\/wp\/v2\/posts\/625\/revisions\/645"}],"wp:attachment":[{"href":"https:\/\/ugelchucuito.edu.pe\/portal\/wp-json\/wp\/v2\/media?parent=625"}],"wp:term":[{"taxonomy":"category","embeddable":true,"href":"https:\/\/ugelchucuito.edu.pe\/portal\/wp-json\/wp\/v2\/categories?post=625"},{"taxonomy":"post_tag","embeddable":true,"href":"https:\/\/ugelchucuito.edu.pe\/portal\/wp-json\/wp\/v2\/tags?post=625"}],"curies":[{"name":"wp","href":"https:\/\/api.w.org\/{rel}","templated":true}]}}