{"id":6258,"date":"2019-04-07T12:42:55","date_gmt":"2019-04-07T17:42:55","guid":{"rendered":"http:\/\/ugelchucuito.edu.pe\/portal\/?p=6258"},"modified":"2019-04-07T13:06:14","modified_gmt":"2019-04-07T18:06:14","slug":"semana-de-la-lucha-contra-la-anemia-instructivo","status":"publish","type":"post","link":"https:\/\/ugelchucuito.edu.pe\/portal\/2019\/04\/07\/semana-de-la-lucha-contra-la-anemia-instructivo\/","title":{"rendered":"SEMANA DE LA LUCHA CONTRA LA ANEMIA (INSTRUCTIVO)"},"content":{"rendered":"\n<p>La finalidad es implementar actividades pedag\u00f3gicas y acciones comunitarias de prevenci\u00f3n, cuidado de la salud y nutrici\u00f3n escolar en el marco de la \u201cSemana de la Lucha contra la Anemia\u201d, en las instituciones educativas y programas educativos p\u00fablicos y privados de la Educaci\u00f3n B\u00e1sica. En el \u00e1mbito de la UGEL CHUCUITO JULI. <\/p>\n\n\n\n<div class=\"wp-block-file\"><a href=\"http:\/\/ugelchucuito.edu.pe\/portal\/wp-content\/uploads\/2019\/04\/INSTRUCTIVO-Lucha-contra-la-anemia.pdf\" target=\"_blank\" rel=\"noreferrer noopener\">INSTRUCTIVO &#8211; Lucha contra la anemia<\/a><a href=\"http:\/\/ugelchucuito.edu.pe\/portal\/wp-content\/uploads\/2019\/04\/INSTRUCTIVO-Lucha-contra-la-anemia.pdf\" class=\"wp-block-file__button\" download>Descargar<\/a><\/div>\n\n\n\n<div class=\"wp-block-file\"><a href=\"http:\/\/ugelchucuito.edu.pe\/portal\/wp-content\/uploads\/2019\/04\/ANEXO-01-Informe-lucha-contra-la-anemia.docx\" target=\"_blank\" rel=\"noreferrer noopener\">ANEXO 01 &#8211; Informe lucha contra la anemia (formato WORD)<\/a><a href=\"http:\/\/ugelchucuito.edu.pe\/portal\/wp-content\/uploads\/2019\/04\/ANEXO-01-Informe-lucha-contra-la-anemia.docx\" class=\"wp-block-file__button\" download>Descargar<\/a><\/div>\n\n\n\n<p class=\"has-text-color has-very-light-gray-color\">.<\/p>\n\n\n\n<figure class=\"wp-block-image\"><img decoding=\"async\" src=\"http:\/\/ugelchucuito.edu.pe\/portal\/wp-content\/uploads\/2019\/04\/como-enviar-informe-amenia.jpg\" alt=\"\" class=\"wp-image-6264\"\/><\/figure>\n","protected":false},"excerpt":{"rendered":"<p>La finalidad es implementar actividades pedag\u00f3gicas y acciones comunitarias de prevenci\u00f3n, cuidado de la salud y nutrici\u00f3n escolar en el marco de la \u201cSemana de la Lucha contra la Anemia\u201d, en las instituciones educativas y programas educativos p\u00fablicos y privados de la Educaci\u00f3n B\u00e1sica. En el \u00e1mbito de la UGEL CHUCUITO JULI. .<\/p>\n","protected":false},"author":1,"featured_media":0,"comment_status":"open","ping_status":"open","sticky":false,"template":"","format":"standard","meta":{"footnotes":""},"categories":[],"tags":[],"class_list":["post-6258","post","type-post","status-publish","format-standard","hentry"],"_links":{"self":[{"href":"https:\/\/ugelchucuito.edu.pe\/portal\/wp-json\/wp\/v2\/posts\/6258","targetHints":{"allow":["GET"]}}],"collection":[{"href":"https:\/\/ugelchucuito.edu.pe\/portal\/wp-json\/wp\/v2\/posts"}],"about":[{"href":"https:\/\/ugelchucuito.edu.pe\/portal\/wp-json\/wp\/v2\/types\/post"}],"author":[{"embeddable":true,"href":"https:\/\/ugelchucuito.edu.pe\/portal\/wp-json\/wp\/v2\/users\/1"}],"replies":[{"embeddable":true,"href":"https:\/\/ugelchucuito.edu.pe\/portal\/wp-json\/wp\/v2\/comments?post=6258"}],"version-history":[{"count":4,"href":"https:\/\/ugelchucuito.edu.pe\/portal\/wp-json\/wp\/v2\/posts\/6258\/revisions"}],"predecessor-version":[{"id":6266,"href":"https:\/\/ugelchucuito.edu.pe\/portal\/wp-json\/wp\/v2\/posts\/6258\/revisions\/6266"}],"wp:attachment":[{"href":"https:\/\/ugelchucuito.edu.pe\/portal\/wp-json\/wp\/v2\/media?parent=6258"}],"wp:term":[{"taxonomy":"category","embeddable":true,"href":"https:\/\/ugelchucuito.edu.pe\/portal\/wp-json\/wp\/v2\/categories?post=6258"},{"taxonomy":"post_tag","embeddable":true,"href":"https:\/\/ugelchucuito.edu.pe\/portal\/wp-json\/wp\/v2\/tags?post=6258"}],"curies":[{"name":"wp","href":"https:\/\/api.w.org\/{rel}","templated":true}]}}