{"id":6418,"date":"2019-04-24T15:33:47","date_gmt":"2019-04-24T20:33:47","guid":{"rendered":"http:\/\/ugelchucuito.edu.pe\/portal\/?p=6418"},"modified":"2019-04-24T15:43:45","modified_gmt":"2019-04-24T20:43:45","slug":"capacitacion-y-certificacion-a-directivos-de-ii-ee-inicial-y-primaria-en-el-instrumento-pedagogicos-rubricas-de-observacion-de-aula","status":"publish","type":"post","link":"https:\/\/ugelchucuito.edu.pe\/portal\/2019\/04\/24\/capacitacion-y-certificacion-a-directivos-de-ii-ee-inicial-y-primaria-en-el-instrumento-pedagogicos-rubricas-de-observacion-de-aula\/","title":{"rendered":"CAPACITACI\u00d3N Y CERTIFICACI\u00d3N A DIRECTIVOS DE II.EE INICIAL Y PRIMARIA EN EL INSTRUMENTO PEDAG\u00d3GICO R\u00daBRICAS DE OBSERVACI\u00d3N DE AULA"},"content":{"rendered":"<p><strong>SE COMUNICA A LOS DIRECTORES DESIGNADOS DE LAS II.EE DEL NIVEL INICIAL Y PRIMARIA, QUE DEBER\u00c1N INSCRIBIRSE CONFORME AL OFICIO M\u00daLTIPLE ADJUNTO.<\/strong><\/p>\n<h5><span style=\"font-family: georgia, palatino\"><strong>Coordinaciones comunicarse al cel: 950958085\u00a0<\/strong><\/span><\/h5>\n<h2><span style=\"font-family: georgia, palatino\"><a href=\"http:\/\/ugelchucuito.edu.pe\/portal\/wp-content\/uploads\/2019\/04\/OFICIO-M\u00daLTIPLE-CONVOCA-A-CAPACITACI\u00d3N-Y-CERTIFICACI\u00d3N-EDD.pdf\" target=\"_blank\" rel=\"noopener noreferrer\"><strong>VER OFICIO M\u00daLTIPLE\u00a0<\/strong><\/a><\/span><\/h2>\n<h5><\/h5>\n<h2><\/h2>\n","protected":false},"excerpt":{"rendered":"<p>SE COMUNICA A LOS DIRECTORES DESIGNADOS DE LAS II.EE DEL NIVEL INICIAL Y PRIMARIA, QUE DEBER\u00c1N INSCRIBIRSE CONFORME AL OFICIO M\u00daLTIPLE ADJUNTO. Coordinaciones comunicarse al cel: 950958085\u00a0 VER OFICIO M\u00daLTIPLE\u00a0<\/p>\n","protected":false},"author":1,"featured_media":0,"comment_status":"open","ping_status":"open","sticky":false,"template":"","format":"standard","meta":{"footnotes":""},"categories":[],"tags":[],"class_list":["post-6418","post","type-post","status-publish","format-standard","hentry"],"_links":{"self":[{"href":"https:\/\/ugelchucuito.edu.pe\/portal\/wp-json\/wp\/v2\/posts\/6418","targetHints":{"allow":["GET"]}}],"collection":[{"href":"https:\/\/ugelchucuito.edu.pe\/portal\/wp-json\/wp\/v2\/posts"}],"about":[{"href":"https:\/\/ugelchucuito.edu.pe\/portal\/wp-json\/wp\/v2\/types\/post"}],"author":[{"embeddable":true,"href":"https:\/\/ugelchucuito.edu.pe\/portal\/wp-json\/wp\/v2\/users\/1"}],"replies":[{"embeddable":true,"href":"https:\/\/ugelchucuito.edu.pe\/portal\/wp-json\/wp\/v2\/comments?post=6418"}],"version-history":[{"count":5,"href":"https:\/\/ugelchucuito.edu.pe\/portal\/wp-json\/wp\/v2\/posts\/6418\/revisions"}],"predecessor-version":[{"id":6424,"href":"https:\/\/ugelchucuito.edu.pe\/portal\/wp-json\/wp\/v2\/posts\/6418\/revisions\/6424"}],"wp:attachment":[{"href":"https:\/\/ugelchucuito.edu.pe\/portal\/wp-json\/wp\/v2\/media?parent=6418"}],"wp:term":[{"taxonomy":"category","embeddable":true,"href":"https:\/\/ugelchucuito.edu.pe\/portal\/wp-json\/wp\/v2\/categories?post=6418"},{"taxonomy":"post_tag","embeddable":true,"href":"https:\/\/ugelchucuito.edu.pe\/portal\/wp-json\/wp\/v2\/tags?post=6418"}],"curies":[{"name":"wp","href":"https:\/\/api.w.org\/{rel}","templated":true}]}}