{"id":6492,"date":"2019-04-29T11:30:09","date_gmt":"2019-04-29T16:30:09","guid":{"rendered":"http:\/\/ugelchucuito.edu.pe\/portal\/?p=6492"},"modified":"2019-04-29T12:15:20","modified_gmt":"2019-04-29T17:15:20","slug":"comunicado-ii-videoconferencia-de-asistencia-tecnica-proceso-de-racionalizacion-plazas-docentes","status":"publish","type":"post","link":"https:\/\/ugelchucuito.edu.pe\/portal\/2019\/04\/29\/comunicado-ii-videoconferencia-de-asistencia-tecnica-proceso-de-racionalizacion-plazas-docentes\/","title":{"rendered":"COMUNICADO II: VIDEOCONFERENCIA DE ASISTENCIA T\u00c9CNICA &#8211; PROCESO DE RACIONALIZACI\u00d3N PLAZAS DOCENTES"},"content":{"rendered":"<p>SE COMUNICA A LOS SE\u00d1ORES DIRECTORES DE LAS II.EE. POLIDOCENTES COMPLETOS Y MULTIGRADOS, QUE DEBER\u00c1N ASISTIR A LA CONFERENCIA VIRTUAL DE ASISTENCIA T\u00c9CNICA PARA EL PROCESO DE RACIONALIZACI\u00d3N 2019.<\/p>\n<p><a href=\"http:\/\/ugelchucuito.edu.pe\/portal\/wp-content\/uploads\/2019\/04\/Comunicado-II.pdf\" target=\"_blank\" rel=\"noopener noreferrer\">VER COMUNICADO II: ASISTENCIA VIDEOCONFERENCIA<\/a><\/p>\n<p><a href=\"http:\/\/ugelchucuito.edu.pe\/portal\/wp-content\/uploads\/2019\/04\/OFICIO-MULTIPLE-00052-2019-MINEDUSPE-OPEP-UPP-Videoconferencia.pdf\" target=\"_blank\" rel=\"noopener noreferrer\">VER OFICIO M\u00daLTIPLE-00052-2019-MINEDU-SPE-OPEP-UPP (Videoconferencia)<\/a><\/p>\n<p><span style=\"color: #ffffff\">.<\/span><\/p>\n<h2 style=\"text-align: center\"><span style=\"color: #ff0000\">El link de Videoconferencia:<\/span><\/h2>\n<h2 style=\"text-align: center\"><a href=\"https:\/\/zoom.us\/j\/5762041708\" target=\"_blank\" rel=\"noopener noreferrer\">https:\/\/zoom.us\/j\/5762041708<\/a><\/h2>\n<p><span style=\"color: #ffffff\">.<\/span><\/p>\n","protected":false},"excerpt":{"rendered":"<p>SE COMUNICA A LOS SE\u00d1ORES DIRECTORES DE LAS II.EE. POLIDOCENTES COMPLETOS Y MULTIGRADOS, QUE DEBER\u00c1N ASISTIR A LA CONFERENCIA VIRTUAL DE ASISTENCIA T\u00c9CNICA PARA EL PROCESO DE RACIONALIZACI\u00d3N 2019. VER COMUNICADO II: ASISTENCIA VIDEOCONFERENCIA VER OFICIO M\u00daLTIPLE-00052-2019-MINEDU-SPE-OPEP-UPP (Videoconferencia) . El link de Videoconferencia: https:\/\/zoom.us\/j\/5762041708 .<\/p>\n","protected":false},"author":11,"featured_media":0,"comment_status":"open","ping_status":"open","sticky":false,"template":"","format":"standard","meta":{"footnotes":""},"categories":[],"tags":[],"class_list":["post-6492","post","type-post","status-publish","format-standard","hentry"],"_links":{"self":[{"href":"https:\/\/ugelchucuito.edu.pe\/portal\/wp-json\/wp\/v2\/posts\/6492","targetHints":{"allow":["GET"]}}],"collection":[{"href":"https:\/\/ugelchucuito.edu.pe\/portal\/wp-json\/wp\/v2\/posts"}],"about":[{"href":"https:\/\/ugelchucuito.edu.pe\/portal\/wp-json\/wp\/v2\/types\/post"}],"author":[{"embeddable":true,"href":"https:\/\/ugelchucuito.edu.pe\/portal\/wp-json\/wp\/v2\/users\/11"}],"replies":[{"embeddable":true,"href":"https:\/\/ugelchucuito.edu.pe\/portal\/wp-json\/wp\/v2\/comments?post=6492"}],"version-history":[{"count":4,"href":"https:\/\/ugelchucuito.edu.pe\/portal\/wp-json\/wp\/v2\/posts\/6492\/revisions"}],"predecessor-version":[{"id":6499,"href":"https:\/\/ugelchucuito.edu.pe\/portal\/wp-json\/wp\/v2\/posts\/6492\/revisions\/6499"}],"wp:attachment":[{"href":"https:\/\/ugelchucuito.edu.pe\/portal\/wp-json\/wp\/v2\/media?parent=6492"}],"wp:term":[{"taxonomy":"category","embeddable":true,"href":"https:\/\/ugelchucuito.edu.pe\/portal\/wp-json\/wp\/v2\/categories?post=6492"},{"taxonomy":"post_tag","embeddable":true,"href":"https:\/\/ugelchucuito.edu.pe\/portal\/wp-json\/wp\/v2\/tags?post=6492"}],"curies":[{"name":"wp","href":"https:\/\/api.w.org\/{rel}","templated":true}]}}