{"id":6517,"date":"2019-05-01T14:57:24","date_gmt":"2019-05-01T19:57:24","guid":{"rendered":"http:\/\/ugelchucuito.edu.pe\/portal\/?p=6517"},"modified":"2019-05-01T14:57:24","modified_gmt":"2019-05-01T19:57:24","slug":"mensaje-por-el-dia-del-trabajo","status":"publish","type":"post","link":"https:\/\/ugelchucuito.edu.pe\/portal\/2019\/05\/01\/mensaje-por-el-dia-del-trabajo\/","title":{"rendered":"Mensaje por el D\u00eda del Trabajo."},"content":{"rendered":"<p>El corporativo de la UGEL Chucuito Juli, rinde homenaje a todos los trabajadores del mundo, especialmente a los trabajadores del \u00e1mbito de la UGEL Chucuito Juli.<br \/>\nEs una fecha que conmemora los hechos hist\u00f3ricos del a\u00f1o<br \/>\n1886. Es un d\u00eda para rendir honores a los m\u00e1rtires de<br \/>\nChicago por la lucha emprendida que los llev\u00f3 a conseguir<br \/>\nla jornada laboral de ocho horas. El 1 de mayo es una<br \/>\njornada que ha ido perdiendo su car\u00e1cter reivindicativo, pero que sigue siendo a\u00fan uno de los pilares del movimiento<br \/>\ntrabajador.<br \/>\nFeliz d\u00eda a todos los trabajadores, personal docente, auxiliar, administrativo, CAS del \u00e1mbito de la UGEL, que con su<br \/>\ndinamismo, identidad y responsabilidad institucional han<br \/>\nasumido retos para lograr la modernizaci\u00f3n de la labor docente y de la gesti\u00f3n administrativa.<\/p>\n<p>El prop\u00f3sito en la sede administrativa es brindar el mejor y m\u00e1s agradable servicio a los usuarios, que es producto del trabajo en equipo por lograr mejores aprendizajes de las ni\u00f1as, ni\u00f1os y adolescentes y la expectativa de los padres de familia y ciudadan\u00eda.<br \/>\nLes deseo muchos \u00e9xitos en sus proyectos a nivel personal<br \/>\ny profesional.<\/p>\n<p><!--more-->Con mucho aprecio y respeto.<\/p>\n<p>Mg. JOS\u00c9 GABRIEL VIZCARRA FAJARDO<\/p>\n<p>DIRECTOR UGEL CHUCUITO JULI.<\/p>\n","protected":false},"excerpt":{"rendered":"<p>El corporativo de la UGEL Chucuito Juli, rinde homenaje a todos los trabajadores del mundo, especialmente a los trabajadores del \u00e1mbito de la UGEL Chucuito Juli. Es una fecha que conmemora los hechos hist\u00f3ricos del a\u00f1o 1886. Es un d\u00eda para rendir honores a los m\u00e1rtires de Chicago por la lucha emprendida que los llev\u00f3 [&hellip;]<\/p>\n","protected":false},"author":3,"featured_media":0,"comment_status":"open","ping_status":"open","sticky":false,"template":"","format":"standard","meta":{"footnotes":""},"categories":[],"tags":[],"class_list":["post-6517","post","type-post","status-publish","format-standard","hentry"],"_links":{"self":[{"href":"https:\/\/ugelchucuito.edu.pe\/portal\/wp-json\/wp\/v2\/posts\/6517","targetHints":{"allow":["GET"]}}],"collection":[{"href":"https:\/\/ugelchucuito.edu.pe\/portal\/wp-json\/wp\/v2\/posts"}],"about":[{"href":"https:\/\/ugelchucuito.edu.pe\/portal\/wp-json\/wp\/v2\/types\/post"}],"author":[{"embeddable":true,"href":"https:\/\/ugelchucuito.edu.pe\/portal\/wp-json\/wp\/v2\/users\/3"}],"replies":[{"embeddable":true,"href":"https:\/\/ugelchucuito.edu.pe\/portal\/wp-json\/wp\/v2\/comments?post=6517"}],"version-history":[{"count":1,"href":"https:\/\/ugelchucuito.edu.pe\/portal\/wp-json\/wp\/v2\/posts\/6517\/revisions"}],"predecessor-version":[{"id":6518,"href":"https:\/\/ugelchucuito.edu.pe\/portal\/wp-json\/wp\/v2\/posts\/6517\/revisions\/6518"}],"wp:attachment":[{"href":"https:\/\/ugelchucuito.edu.pe\/portal\/wp-json\/wp\/v2\/media?parent=6517"}],"wp:term":[{"taxonomy":"category","embeddable":true,"href":"https:\/\/ugelchucuito.edu.pe\/portal\/wp-json\/wp\/v2\/categories?post=6517"},{"taxonomy":"post_tag","embeddable":true,"href":"https:\/\/ugelchucuito.edu.pe\/portal\/wp-json\/wp\/v2\/tags?post=6517"}],"curies":[{"name":"wp","href":"https:\/\/api.w.org\/{rel}","templated":true}]}}