{"id":6521,"date":"2019-05-02T06:29:25","date_gmt":"2019-05-02T11:29:25","guid":{"rendered":"http:\/\/ugelchucuito.edu.pe\/portal\/?p=6521"},"modified":"2019-05-02T06:42:27","modified_gmt":"2019-05-02T11:42:27","slug":"iii-gia","status":"publish","type":"post","link":"https:\/\/ugelchucuito.edu.pe\/portal\/2019\/05\/02\/iii-gia\/","title":{"rendered":"III GIA entre Lideres Pedag\u00f3gicos"},"content":{"rendered":"<p>Estimad@s compa\u00f1er@s es grato saludarlos, luego poner de su conocimiento la convocatoria para nuestro III Grupo de Inter Aprendizaje (GIA) entre L\u00edderes Pedag\u00f3gicos, \u00a0en los que deber\u00e1n participar Directivos de Instituciones Educativas de <strong>INICIAL, PRIMARIA, SECUNDARIA EBA Y CETPRO; adem\u00e1s de coordinadores pedag\u00f3gicos de la IIEE JEC, <\/strong>de nuestra jurisdicci\u00f3n de la UGEL Chucuito.<\/p>\n<p>Para esta III GIA los Directivos deber\u00e1n <strong>portar los resultados ECE de su Instituci\u00f3n Educativa de los a\u00f1os 2016 y 2018<\/strong> (Primaria y Secundaria) en formato EXCEL, los mismos que se pueden descargar de <a href=\"https:\/\/sistemas15.minedu.gob.pe:8888\/evaluacion_censal_accesos\" target=\"_blank\" rel=\"noopener noreferrer\"><strong>SICRECE<\/strong><\/a> ingresando con USUARIO y CONTRASE\u00d1A de SIAGIE.<\/p>\n<p><span style=\"font-size: 24px\"><strong><a href=\"https:\/\/passport.minedu.gob.pe\/Passportv3Web\/Inicio\/Index?IDs=EEDByEBN8qwK6U%2bNVNiJGVaQj1HOIL%2bydAc1Nyxsi0X015fBkRa3s%2bm8LoFDXpi64E8xWpfWHroOY8gjs0Abp%2f1wFHEl82x8SOJVA0aE8eAyMPSR3AgBIKGmq9QWPkxnAUYrg9Buxkg1fWiVkIoiQqZnErjkKl89qvhcuKTK0nqE4iZTjP%2b0RfsVn9%2fQkhvhzSKv2qrnqdqz2B%2fgHsKRHVw%3d\" target=\"_blank\" rel=\"noopener noreferrer\">DESCARGAR RESULTADOS ECE 2016 Y 2018<\/a><\/strong><\/span><\/p>\n<p><a href=\"http:\/\/ugelchucuito.edu.pe\/portal\/wp-content\/uploads\/2019\/05\/III-GIA-2019.pdf\" target=\"_blank\" rel=\"noopener noreferrer\"><span style=\"font-size: 24px\"><strong>DESCARGAR OFICIO DE CONVOCATORIA<\/strong><\/span><\/a><\/p>\n","protected":false},"excerpt":{"rendered":"<p>Estimad@s compa\u00f1er@s es grato saludarlos, luego poner de su conocimiento la convocatoria para nuestro III Grupo de Inter Aprendizaje (GIA) entre L\u00edderes Pedag\u00f3gicos, \u00a0en los que deber\u00e1n participar Directivos de Instituciones Educativas de INICIAL, PRIMARIA, SECUNDARIA EBA Y CETPRO; adem\u00e1s de coordinadores pedag\u00f3gicos de la IIEE JEC, de nuestra jurisdicci\u00f3n de la UGEL Chucuito. Para [&hellip;]<\/p>\n","protected":false},"author":2,"featured_media":0,"comment_status":"open","ping_status":"open","sticky":false,"template":"","format":"standard","meta":{"footnotes":""},"categories":[],"tags":[],"class_list":["post-6521","post","type-post","status-publish","format-standard","hentry"],"_links":{"self":[{"href":"https:\/\/ugelchucuito.edu.pe\/portal\/wp-json\/wp\/v2\/posts\/6521","targetHints":{"allow":["GET"]}}],"collection":[{"href":"https:\/\/ugelchucuito.edu.pe\/portal\/wp-json\/wp\/v2\/posts"}],"about":[{"href":"https:\/\/ugelchucuito.edu.pe\/portal\/wp-json\/wp\/v2\/types\/post"}],"author":[{"embeddable":true,"href":"https:\/\/ugelchucuito.edu.pe\/portal\/wp-json\/wp\/v2\/users\/2"}],"replies":[{"embeddable":true,"href":"https:\/\/ugelchucuito.edu.pe\/portal\/wp-json\/wp\/v2\/comments?post=6521"}],"version-history":[{"count":7,"href":"https:\/\/ugelchucuito.edu.pe\/portal\/wp-json\/wp\/v2\/posts\/6521\/revisions"}],"predecessor-version":[{"id":6542,"href":"https:\/\/ugelchucuito.edu.pe\/portal\/wp-json\/wp\/v2\/posts\/6521\/revisions\/6542"}],"wp:attachment":[{"href":"https:\/\/ugelchucuito.edu.pe\/portal\/wp-json\/wp\/v2\/media?parent=6521"}],"wp:term":[{"taxonomy":"category","embeddable":true,"href":"https:\/\/ugelchucuito.edu.pe\/portal\/wp-json\/wp\/v2\/categories?post=6521"},{"taxonomy":"post_tag","embeddable":true,"href":"https:\/\/ugelchucuito.edu.pe\/portal\/wp-json\/wp\/v2\/tags?post=6521"}],"curies":[{"name":"wp","href":"https:\/\/api.w.org\/{rel}","templated":true}]}}