{"id":6538,"date":"2019-09-14T21:28:47","date_gmt":"2019-09-15T02:28:47","guid":{"rendered":"http:\/\/ugelchucuito.edu.pe\/portal\/?p=6538"},"modified":"2019-09-14T21:28:29","modified_gmt":"2019-09-15T02:28:29","slug":"urgente-rutas-solidarias","status":"publish","type":"post","link":"https:\/\/ugelchucuito.edu.pe\/portal\/2019\/09\/14\/urgente-rutas-solidarias\/","title":{"rendered":"\u00a1URGENTE! Rutas Solidarias"},"content":{"rendered":"<div>Saludos\u00a0<\/div>\r\n<div>Estimad@s compa\u00f1er@s<br \/>\r\n<div>\u00a0<\/div>\r\n<div>En reuni\u00f3n con el personal que ve la Intervenci\u00f3n de RUTAS SOLIDARIAS, nos manifestaron que a\u00fan hay IIEE que no registran en el SIGA las bicicletas que se dar\u00e1n de baja, por este motivo se\u00a0reitera la solicitud de verificaci\u00f3n del estado de bienes asignados en el marco de la intervenci\u00f3n de\u00a0<b><i>Rutas Solidarias (IRS)<\/i><\/b>\u00a0<b><i>para consideraci\u00f3n de baja.<\/i><\/b><\/div>\r\n<div><span style=\"font-size: 20px;color: #0000ff\">Es muy importante resaltar que aquellas <a style=\"color: #0000ff\" href=\"http:\/\/ii.ee\/\" target=\"_blank\" rel=\"noopener noreferrer\" data-auth=\"NotApplicable\">II.EE<\/a>. que registren oportunamente \u00a0el estado de bienes en los m\u00f3dulos \u201cEstado Situacional de bienes\u201d y \u201cJornadas de Mantenimiento\u201d del portal de ayuda del MINEDU podr\u00e1n recibir recursos para mantenimiento en el marco de PRONIED.\u00a0<\/span><\/div>\r\n<div>\u00a0<\/div>\r\n<div><span style=\"font-size: 20px\"><strong style=\"color: #ff0000\"><a style=\"color: #ff0000\" href=\"http:\/\/www.minedu.gob.pe\/rutas-solidarias\/autoayuda.php\" target=\"_blank\" rel=\"noreferrer noopener\" aria-label=\"INGRESE AQU\u00cd RUTAS SOLIDARIAS 2019 (abre en una nueva pesta\u00f1a)\">INGRESE AQU\u00cd PARA REPORTES EN RUTAS SOLIDARIAS 2019<\/a><\/strong><\/span><\/div>\r\n<\/div>\r\n<p><!-- \/wp:post-content -->\r\n\r\n<!-- wp:gallery --><\/p>\r\n<p>DESCARGAR:<span style=\"color: #0000ff\"> <a style=\"color: #0000ff\" href=\"http:\/\/ugelchucuito.edu.pe\/portal\/wp-content\/uploads\/2019\/04\/Instructivo-Estado-situacional-de-bienes-V-2.0.pdf\" target=\"_blank\" rel=\"noopener noreferrer\">Instructivo para el llenado del Estado situacional de bienes V 2.0 en el Portal Web<\/a><\/span><\/p>\r\n<p><!-- \/wp:gallery -->\r\n\r\n<!-- wp:paragraph --><\/p>\r\n<p>DESCARGAR:<span style=\"color: #0000ff\"> <a style=\"color: #0000ff\" href=\"http:\/\/ugelchucuito.edu.pe\/portal\/wp-content\/uploads\/2019\/04\/Instructivo-Jornadas-de-mantenimiento-V-2.0-1.pdf\" target=\"_blank\" rel=\"noopener noreferrer\">Instructivo para el llenado del Instructivo Jornadas de mantenimiento V 2.0 en el Portal Web<\/a><\/span><\/p>\r\n<p>DESCARGAR:<span style=\"color: #0000ff\"> <a style=\"color: #0000ff\" href=\"http:\/\/ugelchucuito.edu.pe\/portal\/wp-content\/uploads\/2019\/04\/Instructivo-Modulo-de-Movilizaci\u00f3n-V-2.0.pdf\" target=\"_blank\" rel=\"noopener noreferrer\">Instructivo para <\/a><\/span><a style=\"color: #0000ff\" href=\"http:\/\/ugelchucuito.edu.pe\/portal\/wp-content\/uploads\/2019\/04\/Instructivo-Modulo-de-Movilizaci\u00f3n-V-2.0.pdf\" target=\"_blank\" rel=\"noopener noreferrer\">el llenado del Instructivo Modulo de Movilizaci\u00f3n V 2.0 en el Portal Web<\/a><\/p>\r\n<p><!-- \/wp:paragraph -->\r\n\r\n<!-- wp:paragraph \/-->\r\n\r\n<!-- wp:paragraph --><\/p>\r\n<p>DESCARGAR: <span style=\"color: #0000ff\"><a style=\"color: #0000ff\" href=\"http:\/\/ugelchucuito.edu.pe\/portal\/wp-content\/uploads\/2019\/04\/Guia-para-el-uso-y-mantenimiento-b\u00e1sico-de-bicicletas-IRS.pdf\" target=\"_blank\" rel=\"noopener noreferrer\">Gu\u00eda para el uso y mantenimiento b\u00e1sico de bicicletas &#8211; IRS<\/a><\/span><\/p>\r\n<p>DESCARGAR: <span style=\"color: #0000ff\"><a style=\"color: #0000ff\" href=\"http:\/\/ugelchucuito.edu.pe\/portal\/wp-content\/uploads\/2019\/04\/Manual-de-Mec\u00e1nica-de-Bicicletas-IRS.pdf\" target=\"_blank\" rel=\"noopener noreferrer\">Manual de Mec\u00e1nica de Bicicletas &#8211; IRS<\/a><\/span> <a href=\"http:\/\/ugelchucuito.edu.pe\/portal\/wp-content\/uploads\/2019\/04\/BD-IRS-al-19.02-1.pdf\" target=\"_blank\" rel=\"noreferrer noopener\" aria-label=\"LISTA DE INSTITUCIONES EDUCATIVAS BENEFICIARIAS (abre en una nueva pesta\u00f1a)\">LISTA DE INSTITUCIONES EDUCATIVAS BENEFICIARIAS<\/a><\/p>\r\n<p><span style=\"font-size: 20px\"><strong><span style=\"color: #008000\">PARA INGRESAR\u00a0<\/span><\/strong><\/span><\/p>\r\n<p><span style=\"font-size: 20px\"><strong><span style=\"color: #008000\">1) Usuario: Usuario creado en la plataforma de Per\u00faEduca.<\/span><\/strong><\/span><\/p>\r\n<p><span style=\"font-size: 20px\"><strong><span style=\"color: #008000\">2) Contrase\u00f1a: contrase\u00f1a creada para el usuario Per\u00faEduca.<\/span><\/strong><\/span><\/p>\r\n<p><a href=\"http:\/\/ugelchucuito.edu.pe\/portal\/wp-content\/uploads\/2019\/09\/AM-Baja-de-bienes-No-Habidas-IRS.pdf\" target=\"_blank\" rel=\"noopener noreferrer\">DESCARGAR documento de \u00a0Ayuda de Memoria para el levantamiento de informaci\u00f3n sobre los bienes dados de baja.<\/a><\/p>\r\n<p><!-- \/wp:paragraph -->\r\n\r\n<!-- wp:paragraph --><\/p>\r\n<p><a href=\"http:\/\/www.minedu.gob.pe\/rutas-solidarias\/autoayuda.php\" target=\"_blank\" rel=\"noopener noreferrer\">En esta p\u00e1gina web tambi\u00e9n puede encontrar las fichas para la distribuci\u00f3n de bicicletas.<\/a><\/p>\r\n<p><!-- \/wp:paragraph -->\r\n\r\n<!-- wp:paragraph --><\/p>\r\n<p><a href=\"http:\/\/www.minedu.gob.pe\/rutas-solidarias\/autoayuda.php\" target=\"_blank\" rel=\"noopener noreferrer\"><img loading=\"lazy\" decoding=\"async\" class=\" wp-image-6351 aligncenter\" src=\"http:\/\/ugelchucuito.edu.pe\/portal\/wp-content\/uploads\/2019\/04\/bicicletas_solidarias-300x169.jpg\" alt=\"\" width=\"314\" height=\"177\" \/><\/a><\/p>\r\n<p>&nbsp;<\/p>","protected":false},"excerpt":{"rendered":"<p>Saludos\u00a0 Estimad@s compa\u00f1er@s \u00a0 En reuni\u00f3n con el personal que ve la Intervenci\u00f3n de RUTAS SOLIDARIAS, nos manifestaron que a\u00fan hay IIEE que no registran en el SIGA las bicicletas que se dar\u00e1n de baja, por este motivo se\u00a0reitera la solicitud de verificaci\u00f3n del estado de bienes asignados en el marco de la intervenci\u00f3n de\u00a0Rutas [&hellip;]<\/p>\n","protected":false},"author":2,"featured_media":0,"comment_status":"open","ping_status":"open","sticky":false,"template":"","format":"standard","meta":{"footnotes":""},"categories":[],"tags":[],"class_list":["post-6538","post","type-post","status-publish","format-standard","hentry"],"_links":{"self":[{"href":"https:\/\/ugelchucuito.edu.pe\/portal\/wp-json\/wp\/v2\/posts\/6538","targetHints":{"allow":["GET"]}}],"collection":[{"href":"https:\/\/ugelchucuito.edu.pe\/portal\/wp-json\/wp\/v2\/posts"}],"about":[{"href":"https:\/\/ugelchucuito.edu.pe\/portal\/wp-json\/wp\/v2\/types\/post"}],"author":[{"embeddable":true,"href":"https:\/\/ugelchucuito.edu.pe\/portal\/wp-json\/wp\/v2\/users\/2"}],"replies":[{"embeddable":true,"href":"https:\/\/ugelchucuito.edu.pe\/portal\/wp-json\/wp\/v2\/comments?post=6538"}],"version-history":[{"count":4,"href":"https:\/\/ugelchucuito.edu.pe\/portal\/wp-json\/wp\/v2\/posts\/6538\/revisions"}],"predecessor-version":[{"id":7835,"href":"https:\/\/ugelchucuito.edu.pe\/portal\/wp-json\/wp\/v2\/posts\/6538\/revisions\/7835"}],"wp:attachment":[{"href":"https:\/\/ugelchucuito.edu.pe\/portal\/wp-json\/wp\/v2\/media?parent=6538"}],"wp:term":[{"taxonomy":"category","embeddable":true,"href":"https:\/\/ugelchucuito.edu.pe\/portal\/wp-json\/wp\/v2\/categories?post=6538"},{"taxonomy":"post_tag","embeddable":true,"href":"https:\/\/ugelchucuito.edu.pe\/portal\/wp-json\/wp\/v2\/tags?post=6538"}],"curies":[{"name":"wp","href":"https:\/\/api.w.org\/{rel}","templated":true}]}}