{"id":67,"date":"2017-06-22T08:34:29","date_gmt":"2017-06-22T13:34:29","guid":{"rendered":"http:\/\/ugelchucuito.edu.pe\/portal\/?p=67"},"modified":"2017-07-09T22:02:37","modified_gmt":"2017-07-10T03:02:37","slug":"a-prepararnos-para-la-olimpiada-nacional-escolar-de-matematica-2017-onem-2017","status":"publish","type":"post","link":"https:\/\/ugelchucuito.edu.pe\/portal\/2017\/06\/22\/a-prepararnos-para-la-olimpiada-nacional-escolar-de-matematica-2017-onem-2017\/","title":{"rendered":"\u00a1\u00a1\u00a1 A Prepararnos para la Olimpiada Nacional Escolar de Matem\u00e1tica 2017 (ONEM 2017) !!!"},"content":{"rendered":"<div class=\"part6\">\n<p>Saludos estimad@s colegas comprometid@s con el desarrollo de competencias matem\u00e1ticas en nuestros estudiantes, como cada a\u00f1o, este 2017 participaremos de\u00a0La Olimpiada Nacional Escolar de Matem\u00e1tica (ONEM), para lo cual preparemos a nuestros estudiantes para una excelente participaci\u00f3n.<\/p>\n<p>La Olimpiada Nacional Escolar de Matem\u00e1tica (ONEM) tiene por objetivo contribuir al mejoramiento de los logros de aprendizaje de matem\u00e1tica en los estudiantes de educaci\u00f3n secundaria. Este evento promueve nuevos espacios para el desarrollo del pensamiento l\u00f3gico, creativo y la toma de decisiones, as\u00ed como\u00a0<strong>el surgimiento de j\u00f3venes talentos. Adem\u00e1s, brinda la posibilidad de que nuestros estudiantes participen en olimpiadas internacionales.<\/strong><\/p>\n<p>El Ministerio de Educaci\u00f3n, mediante Resoluci\u00f3n Ministerial N.\u00b0 627-2016, aprob\u00f3 las \u201cNormas y Orientaciones para el Desarrollo del A\u00f1o Escolar 2017 en Educaci\u00f3n B\u00e1sica\u201d en las que se incluyen la Olimpiada Nacional Escolar De Matem\u00e1tica.<\/p>\n<p>CRONOGRAMA 2017<\/p>\n<div class=\"part4\">\n<table class=\"table table-action bg-mate-tabla\">\n<thead>\n<tr>\n<th class=\"t-small bg-mate\">ETAPAS<\/th>\n<th class=\"t-small bg-mate\">FECHA DE LA<br \/>\nPRUEBA<\/th>\n<th class=\"t-medium bg-mate\">HORA<\/th>\n<th class=\"t-small bg-mate\">MODALIDAD<\/th>\n<th class=\"t-medium bg-mate\">RESPONSABLE DE LA INSCRIPCI\u00d3N<\/th>\n<th class=\"t-medium bg-mate\">FECHA DE INSCRIPCI\u00d3N PARA LA SIGUIENTE ETAPA<\/th>\n<\/tr>\n<\/thead>\n<tbody>\n<tr>\n<td>P<strong>rimera<\/strong><br \/>\n<strong>II.EE.<\/strong><\/td>\n<td><strong>12 de julio<\/strong><\/td>\n<td><strong>10:00 horas\u00a0<\/strong><br \/>\n<strong>turno ma\u00f1ana\u00a0<\/strong><br \/>\n<strong>14:00 horas\u00a0<\/strong><br \/>\n<strong>turno tarde<\/strong><\/td>\n<td><strong>Presencial<\/strong><\/td>\n<td><strong>El director, o qui\u00e9n \u00e9l designe, ser\u00e1 el responsable de la inscripci\u00f3n de los ganadores de la IE a la UGEL (Anexo N.\u00b0 1).<\/strong><\/td>\n<td><strong>Hasta el 1 de agosto<\/strong><\/td>\n<\/tr>\n<tr>\n<td class=\"bg-mat\">Segunda<br \/>\nUGEL<\/td>\n<td class=\"bg-mat\">18 de agosto<\/td>\n<td class=\"bg-mat\">10:00 horas<\/td>\n<td class=\"bg-mat\">Presencial<\/td>\n<td class=\"bg-mat\">El especialista responsable de ONEM de la UGEL, ser\u00e1 el responsable de la inscripci\u00f3n de los ganadores de la UGEL a la DRE.<\/td>\n<td class=\"bg-mat\">Hasta el 25 de agosto<\/td>\n<\/tr>\n<tr>\n<td><strong>Tercera<\/strong><br \/>\n<strong>DRE<\/strong><\/td>\n<td><strong>21 de setiembre<\/strong><\/td>\n<td><strong>10:00 horas<\/strong><\/td>\n<td><strong>Virtual<\/strong><\/td>\n<td><strong>El especialista responsable de ONEM de la DRE, ser\u00e1 el responsable de gestionar la RD para la inscripci\u00f3n de los ganadores de la DRE a la etapa nacional.<\/strong><\/td>\n<td><strong>Hasta el 3 de octubre<\/strong><\/td>\n<\/tr>\n<tr>\n<td class=\"bg-mat\">Cuarta<br \/>\nMinedu<br \/>\n(Lima)<\/td>\n<td class=\"bg-mat\">22 de octubre<\/td>\n<td class=\"bg-mat\">9:00 horas<\/td>\n<td class=\"bg-mat\">Presencial<\/td>\n<td class=\"bg-mat\">No se admitir\u00e1n inscripciones fuera de la fecha establecida.<\/td>\n<\/tr>\n<\/tbody>\n<\/table>\n<\/div>\n<\/div>\n<div class=\"detalle_agenda_cuerpo\">Muchos \u00c9XITOS colegas<\/div>\n<div><\/div>\n<div><strong>DESCARGAR\u00a0<a href=\"http:\/\/ugelchucuito.edu.pe\/portal\/wp-content\/uploads\/2017\/07\/bases-onem.pdf\" target=\"_blank\" rel=\"noopener\">BASES ONEM 2017<\/a><\/strong><\/div>\n<h3><strong>Los maestros alcanzamos la gloria cuando nuestros pupilos lo logran.<\/strong><\/h3>\n<div>Albert Chata Mamani<\/div>\n<div>Cel. 930 939 983<\/div>\n<div>albertchata@hotmail.com<\/div>\n","protected":false},"excerpt":{"rendered":"<p>Saludos estimad@s colegas comprometid@s con el desarrollo de competencias matem\u00e1ticas en nuestros estudiantes, como cada a\u00f1o, este 2017 participaremos de\u00a0La Olimpiada Nacional Escolar de Matem\u00e1tica (ONEM), para lo cual preparemos a nuestros estudiantes para una excelente participaci\u00f3n. La Olimpiada Nacional Escolar de Matem\u00e1tica (ONEM) tiene por objetivo contribuir al mejoramiento de los logros de aprendizaje [&hellip;]<\/p>\n","protected":false},"author":1,"featured_media":0,"comment_status":"open","ping_status":"open","sticky":false,"template":"","format":"standard","meta":{"footnotes":""},"categories":[],"tags":[],"class_list":["post-67","post","type-post","status-publish","format-standard","hentry"],"_links":{"self":[{"href":"https:\/\/ugelchucuito.edu.pe\/portal\/wp-json\/wp\/v2\/posts\/67","targetHints":{"allow":["GET"]}}],"collection":[{"href":"https:\/\/ugelchucuito.edu.pe\/portal\/wp-json\/wp\/v2\/posts"}],"about":[{"href":"https:\/\/ugelchucuito.edu.pe\/portal\/wp-json\/wp\/v2\/types\/post"}],"author":[{"embeddable":true,"href":"https:\/\/ugelchucuito.edu.pe\/portal\/wp-json\/wp\/v2\/users\/1"}],"replies":[{"embeddable":true,"href":"https:\/\/ugelchucuito.edu.pe\/portal\/wp-json\/wp\/v2\/comments?post=67"}],"version-history":[{"count":1,"href":"https:\/\/ugelchucuito.edu.pe\/portal\/wp-json\/wp\/v2\/posts\/67\/revisions"}],"predecessor-version":[{"id":70,"href":"https:\/\/ugelchucuito.edu.pe\/portal\/wp-json\/wp\/v2\/posts\/67\/revisions\/70"}],"wp:attachment":[{"href":"https:\/\/ugelchucuito.edu.pe\/portal\/wp-json\/wp\/v2\/media?parent=67"}],"wp:term":[{"taxonomy":"category","embeddable":true,"href":"https:\/\/ugelchucuito.edu.pe\/portal\/wp-json\/wp\/v2\/categories?post=67"},{"taxonomy":"post_tag","embeddable":true,"href":"https:\/\/ugelchucuito.edu.pe\/portal\/wp-json\/wp\/v2\/tags?post=67"}],"curies":[{"name":"wp","href":"https:\/\/api.w.org\/{rel}","templated":true}]}}