{"id":6732,"date":"2019-05-20T21:17:29","date_gmt":"2019-05-21T02:17:29","guid":{"rendered":"http:\/\/ugelchucuito.edu.pe\/portal\/?p=6732"},"modified":"2019-05-20T21:17:29","modified_gmt":"2019-05-21T02:17:29","slug":"comunicado-docentes-aprobados-para-evaluadores-en-lengua-originaria","status":"publish","type":"post","link":"https:\/\/ugelchucuito.edu.pe\/portal\/2019\/05\/20\/comunicado-docentes-aprobados-para-evaluadores-en-lengua-originaria\/","title":{"rendered":"COMUNICADO DOCENTES APROBADOS PARA EVALUADORES EN LENGUA ORIGINARIA"},"content":{"rendered":"<h3>Se comunica a los docentes que aprobaron el curso virtual MINEDU DIGEIBIRA para evaluadores en las lenguas Originarias del Per\u00fa Aimara y Quechua, el curso presencial se llevar\u00e1 a cabo el d\u00eda martes 21 de mayo en el local de la IEP. N\u00ba 71003 de Juli a horas 2:30 p.m. hasta las 5:30 p.m. llevar l\u00e1piz, borrador, memoria USB.<\/h3>\n<h3><span style=\"color: #ffffff;\">.<\/span><\/h3>\n<h3 style=\"text-align: right;\">Atentamente, Esp. EIB.<\/h3>\n","protected":false},"excerpt":{"rendered":"<p>Se comunica a los docentes que aprobaron el curso virtual MINEDU DIGEIBIRA para evaluadores en las lenguas Originarias del Per\u00fa Aimara y Quechua, el curso presencial se llevar\u00e1 a cabo el d\u00eda martes 21 de mayo en el local de la IEP. N\u00ba 71003 de Juli a horas 2:30 p.m. hasta las 5:30 p.m. llevar [&hellip;]<\/p>\n","protected":false},"author":1,"featured_media":0,"comment_status":"open","ping_status":"open","sticky":false,"template":"","format":"standard","meta":{"footnotes":""},"categories":[],"tags":[],"class_list":["post-6732","post","type-post","status-publish","format-standard","hentry"],"_links":{"self":[{"href":"https:\/\/ugelchucuito.edu.pe\/portal\/wp-json\/wp\/v2\/posts\/6732","targetHints":{"allow":["GET"]}}],"collection":[{"href":"https:\/\/ugelchucuito.edu.pe\/portal\/wp-json\/wp\/v2\/posts"}],"about":[{"href":"https:\/\/ugelchucuito.edu.pe\/portal\/wp-json\/wp\/v2\/types\/post"}],"author":[{"embeddable":true,"href":"https:\/\/ugelchucuito.edu.pe\/portal\/wp-json\/wp\/v2\/users\/1"}],"replies":[{"embeddable":true,"href":"https:\/\/ugelchucuito.edu.pe\/portal\/wp-json\/wp\/v2\/comments?post=6732"}],"version-history":[{"count":1,"href":"https:\/\/ugelchucuito.edu.pe\/portal\/wp-json\/wp\/v2\/posts\/6732\/revisions"}],"predecessor-version":[{"id":6733,"href":"https:\/\/ugelchucuito.edu.pe\/portal\/wp-json\/wp\/v2\/posts\/6732\/revisions\/6733"}],"wp:attachment":[{"href":"https:\/\/ugelchucuito.edu.pe\/portal\/wp-json\/wp\/v2\/media?parent=6732"}],"wp:term":[{"taxonomy":"category","embeddable":true,"href":"https:\/\/ugelchucuito.edu.pe\/portal\/wp-json\/wp\/v2\/categories?post=6732"},{"taxonomy":"post_tag","embeddable":true,"href":"https:\/\/ugelchucuito.edu.pe\/portal\/wp-json\/wp\/v2\/tags?post=6732"}],"curies":[{"name":"wp","href":"https:\/\/api.w.org\/{rel}","templated":true}]}}