{"id":6759,"date":"2019-05-21T14:07:43","date_gmt":"2019-05-21T19:07:43","guid":{"rendered":"http:\/\/ugelchucuito.edu.pe\/portal\/?p=6759"},"modified":"2019-05-21T14:07:43","modified_gmt":"2019-05-21T19:07:43","slug":"reprogramacion-de-proceso-de-racionalizacion-del-personal-administrativo-2019-de-forma-manual","status":"publish","type":"post","link":"https:\/\/ugelchucuito.edu.pe\/portal\/2019\/05\/21\/reprogramacion-de-proceso-de-racionalizacion-del-personal-administrativo-2019-de-forma-manual\/","title":{"rendered":"REPROGRAMACION DE PROCESO DE RACIONALIZACI\u00d3N DEL PERSONAL ADMINISTRATIVO 2019, DE FORMA MANUAL"},"content":{"rendered":"<p>SE COMUNICA A LOS DIRECTORES DE II.EE. POLIDOCENTES COMPLETOS QUE CUENTAN CON PERSONAL ADMINISTRATIVO, QUE DEBER\u00c1N CONCLUIR SU PROCESO DE RACIONALIZACI\u00d3N 2019, CON EL SIGUIENTE CRONOGRAMA:<\/p>\n<p><a href=\"http:\/\/ugelchucuito.edu.pe\/portal\/wp-content\/uploads\/2019\/05\/REPROGRAMACION-RACIONALIZAI\u00d3N-UGEL-CHUCUITO_DS-005-2011-ED-1.pdf\" target=\"_blank\" rel=\"noopener noreferrer\">VER REPROGRAMACI\u00d3N RACIONALIZACI\u00d3N UGEL CHUCUITO DS 005-2011-ED<\/a><\/p>\n","protected":false},"excerpt":{"rendered":"<p>SE COMUNICA A LOS DIRECTORES DE II.EE. POLIDOCENTES COMPLETOS QUE CUENTAN CON PERSONAL ADMINISTRATIVO, QUE DEBER\u00c1N CONCLUIR SU PROCESO DE RACIONALIZACI\u00d3N 2019, CON EL SIGUIENTE CRONOGRAMA: VER REPROGRAMACI\u00d3N RACIONALIZACI\u00d3N UGEL CHUCUITO DS 005-2011-ED<\/p>\n","protected":false},"author":11,"featured_media":0,"comment_status":"open","ping_status":"open","sticky":false,"template":"","format":"standard","meta":{"footnotes":""},"categories":[],"tags":[],"class_list":["post-6759","post","type-post","status-publish","format-standard","hentry"],"_links":{"self":[{"href":"https:\/\/ugelchucuito.edu.pe\/portal\/wp-json\/wp\/v2\/posts\/6759","targetHints":{"allow":["GET"]}}],"collection":[{"href":"https:\/\/ugelchucuito.edu.pe\/portal\/wp-json\/wp\/v2\/posts"}],"about":[{"href":"https:\/\/ugelchucuito.edu.pe\/portal\/wp-json\/wp\/v2\/types\/post"}],"author":[{"embeddable":true,"href":"https:\/\/ugelchucuito.edu.pe\/portal\/wp-json\/wp\/v2\/users\/11"}],"replies":[{"embeddable":true,"href":"https:\/\/ugelchucuito.edu.pe\/portal\/wp-json\/wp\/v2\/comments?post=6759"}],"version-history":[{"count":1,"href":"https:\/\/ugelchucuito.edu.pe\/portal\/wp-json\/wp\/v2\/posts\/6759\/revisions"}],"predecessor-version":[{"id":6766,"href":"https:\/\/ugelchucuito.edu.pe\/portal\/wp-json\/wp\/v2\/posts\/6759\/revisions\/6766"}],"wp:attachment":[{"href":"https:\/\/ugelchucuito.edu.pe\/portal\/wp-json\/wp\/v2\/media?parent=6759"}],"wp:term":[{"taxonomy":"category","embeddable":true,"href":"https:\/\/ugelchucuito.edu.pe\/portal\/wp-json\/wp\/v2\/categories?post=6759"},{"taxonomy":"post_tag","embeddable":true,"href":"https:\/\/ugelchucuito.edu.pe\/portal\/wp-json\/wp\/v2\/tags?post=6759"}],"curies":[{"name":"wp","href":"https:\/\/api.w.org\/{rel}","templated":true}]}}