{"id":6856,"date":"2019-05-28T08:35:09","date_gmt":"2019-05-28T13:35:09","guid":{"rendered":"http:\/\/ugelchucuito.edu.pe\/portal\/?p=6856"},"modified":"2019-05-28T14:35:10","modified_gmt":"2019-05-28T19:35:10","slug":"lista-de-docentes-para-la-evaluacion-oral-en-lenguas-originarias-segun-fecha","status":"publish","type":"post","link":"https:\/\/ugelchucuito.edu.pe\/portal\/2019\/05\/28\/lista-de-docentes-para-la-evaluacion-oral-en-lenguas-originarias-segun-fecha\/","title":{"rendered":"LISTA DE DOCENTES PARA LA EVALUACI\u00d3N ORAL EN LENGUAS ORIGINARIAS (seg\u00fan fecha)"},"content":{"rendered":"<h3>Se comunica a los docentes inscritos para la evaluaci\u00f3n oral y escrito en las lenguas originarias Aimara y Quechua en el \u00e1mbito de la UGEL Chucuito,\u00a0 que la competencia Oral se evaluar\u00e1 los d\u00edas 31 de mayo, 4,5,6 y 7 de Junio del presente a\u00f1o, seg\u00fan lista publicada en la p\u00e1gina Web a partir \u00a0de las 3:00 p.m. hasta \u00a05:00 p.m. en el local de la IEP N\u00b0 70175 San Juan Bosco &#8211; Juli. De la misma manera la lengua Quechua los d\u00edas 4,5 y 7 de junio; deber\u00e1n de portar su DNI original.<\/h3>\n<h3><\/h3>\n<h3><span style=\"color: #ff0000;\">La competencia Escrito se evaluar\u00e1 el d\u00eda <strong>8 de junio<\/strong><\/span> en las diferentes II.EE de la ciudad de Juli, en los posteriores d\u00edas se publicar\u00e1 la lista de los evaluados por aula y los locales respectivos.<\/h3>\n<h3><\/h3>\n<h3 style=\"text-align: center;\"><span style=\"color: #ff0000;\">VER:<\/span><\/h3>\n<h3 style=\"text-align: center;\"><span style=\"color: #ffffff;\">.<\/span><\/h3>\n<h2 style=\"text-align: center;\"><a href=\"http:\/\/ugelchucuito.edu.pe\/portal\/wp-content\/uploads\/2019\/05\/EVAL.-ORAL-AIMARA-2019.pdf\" target=\"_blank\" rel=\"noopener noreferrer\">LISTA PARA LA EVALUACI\u00d3N ORAL AIMARA<\/a><\/h2>\n<p><span style=\"color: #ffffff;\">.<\/span><\/p>\n<h2 style=\"text-align: center;\"><a href=\"http:\/\/ugelchucuito.edu.pe\/portal\/wp-content\/uploads\/2019\/05\/quechua.pdf\" target=\"_blank\" rel=\"noopener noreferrer\">LISTA PARA LA EVALUACI\u00d3N ORAL QUECHUA<\/a><\/h2>\n<h3><span style=\"color: #ffffff;\">.<\/span><\/h3>\n<h3 style=\"text-align: left;\"><span style=\"color: #ffffff;\">.<\/span><\/h3>\n","protected":false},"excerpt":{"rendered":"<p>Se comunica a los docentes inscritos para la evaluaci\u00f3n oral y escrito en las lenguas originarias Aimara y Quechua en el \u00e1mbito de la UGEL Chucuito,\u00a0 que la competencia Oral se evaluar\u00e1 los d\u00edas 31 de mayo, 4,5,6 y 7 de Junio del presente a\u00f1o, seg\u00fan lista publicada en la p\u00e1gina Web a partir \u00a0de [&hellip;]<\/p>\n","protected":false},"author":1,"featured_media":0,"comment_status":"open","ping_status":"open","sticky":false,"template":"","format":"standard","meta":{"footnotes":""},"categories":[],"tags":[],"class_list":["post-6856","post","type-post","status-publish","format-standard","hentry"],"_links":{"self":[{"href":"https:\/\/ugelchucuito.edu.pe\/portal\/wp-json\/wp\/v2\/posts\/6856","targetHints":{"allow":["GET"]}}],"collection":[{"href":"https:\/\/ugelchucuito.edu.pe\/portal\/wp-json\/wp\/v2\/posts"}],"about":[{"href":"https:\/\/ugelchucuito.edu.pe\/portal\/wp-json\/wp\/v2\/types\/post"}],"author":[{"embeddable":true,"href":"https:\/\/ugelchucuito.edu.pe\/portal\/wp-json\/wp\/v2\/users\/1"}],"replies":[{"embeddable":true,"href":"https:\/\/ugelchucuito.edu.pe\/portal\/wp-json\/wp\/v2\/comments?post=6856"}],"version-history":[{"count":4,"href":"https:\/\/ugelchucuito.edu.pe\/portal\/wp-json\/wp\/v2\/posts\/6856\/revisions"}],"predecessor-version":[{"id":6867,"href":"https:\/\/ugelchucuito.edu.pe\/portal\/wp-json\/wp\/v2\/posts\/6856\/revisions\/6867"}],"wp:attachment":[{"href":"https:\/\/ugelchucuito.edu.pe\/portal\/wp-json\/wp\/v2\/media?parent=6856"}],"wp:term":[{"taxonomy":"category","embeddable":true,"href":"https:\/\/ugelchucuito.edu.pe\/portal\/wp-json\/wp\/v2\/categories?post=6856"},{"taxonomy":"post_tag","embeddable":true,"href":"https:\/\/ugelchucuito.edu.pe\/portal\/wp-json\/wp\/v2\/tags?post=6856"}],"curies":[{"name":"wp","href":"https:\/\/api.w.org\/{rel}","templated":true}]}}