{"id":6888,"date":"2019-05-31T20:23:55","date_gmt":"2019-06-01T01:23:55","guid":{"rendered":"http:\/\/ugelchucuito.edu.pe\/portal\/?p=6888"},"modified":"2019-06-04T10:56:55","modified_gmt":"2019-06-04T15:56:55","slug":"iii-conpromat-2019","status":"publish","type":"post","link":"https:\/\/ugelchucuito.edu.pe\/portal\/2019\/05\/31\/iii-conpromat-2019\/","title":{"rendered":"III CONGRESO DE PROFESORES DE MATEM\u00c1TICA 2019"},"content":{"rendered":"<p>\u00a1\u00a1\u00a1 TOTALMENTE GRATUITO !!!<\/p>\n<p>La UGEL Chucuito, invita a todos los docentes y directivos comprometidos con el \u00e1rea de matem\u00e1tica del nivel secundaria, a participar en el <a href=\"http:\/\/ugelchucuito.edu.pe\/portal\/wp-content\/uploads\/2019\/05\/Oficio-III-CONPROMAT.pdf\" target=\"_blank\" rel=\"noopener noreferrer\"><strong>III CONPROMAT<\/strong><\/a>, que se realizar\u00e1 los d\u00edas 06 y 07 de junio de 2019 en el sal\u00f3n de usos m\u00faltiples de la Municipalidad Provincial de Chucuito &#8211; Juli, a partir de las 8:00 a.m. conforme a <a href=\"http:\/\/ugelchucuito.edu.pe\/portal\/wp-content\/uploads\/2019\/05\/Oficio-III-CONPROMAT.pdf\" target=\"_blank\" rel=\"noopener noreferrer\">oficio adjunto.<\/a><\/p>\n<p><a href=\"http:\/\/ugelchucuito.edu.pe\/portal\/wp-content\/uploads\/2019\/05\/Oficio-III-CONPROMAT.pdf\" target=\"_blank\" rel=\"noopener noreferrer\">Descargar Oficio de convocatoria<\/a><\/p>\n<p>La Comisi\u00f3n Organizadora.<\/p>\n<p>\u00abPor la ense\u00f1anza de las matem\u00e1ticas en el marco de la implementaci\u00f3n del CNEB\u00bb<\/p>\n<p><img loading=\"lazy\" decoding=\"async\" class=\" wp-image-6897 aligncenter\" src=\"http:\/\/ugelchucuito.edu.pe\/portal\/wp-content\/uploads\/2019\/05\/images-1-300x150.jpg\" alt=\"\" width=\"430\" height=\"215\" \/><\/p>\n","protected":false},"excerpt":{"rendered":"<p>\u00a1\u00a1\u00a1 TOTALMENTE GRATUITO !!! La UGEL Chucuito, invita a todos los docentes y directivos comprometidos con el \u00e1rea de matem\u00e1tica del nivel secundaria, a participar en el III CONPROMAT, que se realizar\u00e1 los d\u00edas 06 y 07 de junio de 2019 en el sal\u00f3n de usos m\u00faltiples de la Municipalidad Provincial de Chucuito &#8211; Juli, [&hellip;]<\/p>\n","protected":false},"author":2,"featured_media":0,"comment_status":"open","ping_status":"open","sticky":false,"template":"","format":"standard","meta":{"footnotes":""},"categories":[],"tags":[],"class_list":["post-6888","post","type-post","status-publish","format-standard","hentry"],"_links":{"self":[{"href":"https:\/\/ugelchucuito.edu.pe\/portal\/wp-json\/wp\/v2\/posts\/6888","targetHints":{"allow":["GET"]}}],"collection":[{"href":"https:\/\/ugelchucuito.edu.pe\/portal\/wp-json\/wp\/v2\/posts"}],"about":[{"href":"https:\/\/ugelchucuito.edu.pe\/portal\/wp-json\/wp\/v2\/types\/post"}],"author":[{"embeddable":true,"href":"https:\/\/ugelchucuito.edu.pe\/portal\/wp-json\/wp\/v2\/users\/2"}],"replies":[{"embeddable":true,"href":"https:\/\/ugelchucuito.edu.pe\/portal\/wp-json\/wp\/v2\/comments?post=6888"}],"version-history":[{"count":5,"href":"https:\/\/ugelchucuito.edu.pe\/portal\/wp-json\/wp\/v2\/posts\/6888\/revisions"}],"predecessor-version":[{"id":6918,"href":"https:\/\/ugelchucuito.edu.pe\/portal\/wp-json\/wp\/v2\/posts\/6888\/revisions\/6918"}],"wp:attachment":[{"href":"https:\/\/ugelchucuito.edu.pe\/portal\/wp-json\/wp\/v2\/media?parent=6888"}],"wp:term":[{"taxonomy":"category","embeddable":true,"href":"https:\/\/ugelchucuito.edu.pe\/portal\/wp-json\/wp\/v2\/categories?post=6888"},{"taxonomy":"post_tag","embeddable":true,"href":"https:\/\/ugelchucuito.edu.pe\/portal\/wp-json\/wp\/v2\/tags?post=6888"}],"curies":[{"name":"wp","href":"https:\/\/api.w.org\/{rel}","templated":true}]}}