{"id":7406,"date":"2019-07-11T17:39:24","date_gmt":"2019-07-11T22:39:24","guid":{"rendered":"http:\/\/ugelchucuito.edu.pe\/portal\/?p=7406"},"modified":"2019-07-11T17:39:24","modified_gmt":"2019-07-11T22:39:24","slug":"censo-educativo-modulo-i-oficio-multiple-n065-2019-drep-ugel-chj-agi-eer-d-conclusion-de-reporte-censo-educativo-2019","status":"publish","type":"post","link":"https:\/\/ugelchucuito.edu.pe\/portal\/2019\/07\/11\/censo-educativo-modulo-i-oficio-multiple-n065-2019-drep-ugel-chj-agi-eer-d-conclusion-de-reporte-censo-educativo-2019\/","title":{"rendered":"CENSO EDUCATIVO MODULO I: OFICIO M\u00daLTIPLE N\u00b0065-2019-DREP\/UGEL CHJ-AGI-EER\/D, Conclusi\u00f3n de reporte CENSO EDUCATIVO 2019."},"content":{"rendered":"<p style=\"text-align: center\"><strong><span style=\"color: #ff0000\">SE ADJUNTA OFICIO M\u00daLTIPLE Y REPORTE DE OMISOS AL CENSO EDUCATIVO 2019, C\u00c9DULA \u00abA\u00bb Y C\u00c9DULA 11<\/span><\/strong><\/p>\n<p><a href=\"http:\/\/ugelchucuito.edu.pe\/portal\/wp-content\/uploads\/2019\/07\/Oficio-Mult-065_OMISOS-Conclusi\u00f3n-Censo-Educativo-2019.pdf\" target=\"_blank\" rel=\"noopener noreferrer\">Oficio M\u00faltiple 065_OMISOS Conclusi\u00f3n Censo Educativo 2019<\/a><\/p>\n<p><a href=\"http:\/\/ugelchucuito.edu.pe\/portal\/wp-content\/uploads\/2019\/07\/OMISOS-al-Censo-educativo-2019-que-concluir\u00e1n_C\u00e9dula-A.pdf\" target=\"_blank\" rel=\"noopener noreferrer\">VER OMISOS al Censo educativo 2019 que concluir\u00e1n_C\u00e9dula A<\/a><\/p>\n<p><a href=\"http:\/\/ugelchucuito.edu.pe\/portal\/wp-content\/uploads\/2019\/07\/OMISOS-al-Censo-educativo-2019-que-concluir\u00e1n_C\u00e9dula-11.pdf\" target=\"_blank\" rel=\"noopener noreferrer\">VER OMISOS al Censo educativo 2019 que concluir\u00e1n_C\u00e9dula 11<\/a><\/p>\n<p>&nbsp;<\/p>\n","protected":false},"excerpt":{"rendered":"<p>SE ADJUNTA OFICIO M\u00daLTIPLE Y REPORTE DE OMISOS AL CENSO EDUCATIVO 2019, C\u00c9DULA \u00abA\u00bb Y C\u00c9DULA 11 Oficio M\u00faltiple 065_OMISOS Conclusi\u00f3n Censo Educativo 2019 VER OMISOS al Censo educativo 2019 que concluir\u00e1n_C\u00e9dula A VER OMISOS al Censo educativo 2019 que concluir\u00e1n_C\u00e9dula 11 &nbsp;<\/p>\n","protected":false},"author":11,"featured_media":0,"comment_status":"open","ping_status":"open","sticky":false,"template":"","format":"standard","meta":{"footnotes":""},"categories":[],"tags":[],"class_list":["post-7406","post","type-post","status-publish","format-standard","hentry"],"_links":{"self":[{"href":"https:\/\/ugelchucuito.edu.pe\/portal\/wp-json\/wp\/v2\/posts\/7406","targetHints":{"allow":["GET"]}}],"collection":[{"href":"https:\/\/ugelchucuito.edu.pe\/portal\/wp-json\/wp\/v2\/posts"}],"about":[{"href":"https:\/\/ugelchucuito.edu.pe\/portal\/wp-json\/wp\/v2\/types\/post"}],"author":[{"embeddable":true,"href":"https:\/\/ugelchucuito.edu.pe\/portal\/wp-json\/wp\/v2\/users\/11"}],"replies":[{"embeddable":true,"href":"https:\/\/ugelchucuito.edu.pe\/portal\/wp-json\/wp\/v2\/comments?post=7406"}],"version-history":[{"count":1,"href":"https:\/\/ugelchucuito.edu.pe\/portal\/wp-json\/wp\/v2\/posts\/7406\/revisions"}],"predecessor-version":[{"id":7410,"href":"https:\/\/ugelchucuito.edu.pe\/portal\/wp-json\/wp\/v2\/posts\/7406\/revisions\/7410"}],"wp:attachment":[{"href":"https:\/\/ugelchucuito.edu.pe\/portal\/wp-json\/wp\/v2\/media?parent=7406"}],"wp:term":[{"taxonomy":"category","embeddable":true,"href":"https:\/\/ugelchucuito.edu.pe\/portal\/wp-json\/wp\/v2\/categories?post=7406"},{"taxonomy":"post_tag","embeddable":true,"href":"https:\/\/ugelchucuito.edu.pe\/portal\/wp-json\/wp\/v2\/tags?post=7406"}],"curies":[{"name":"wp","href":"https:\/\/api.w.org\/{rel}","templated":true}]}}