{"id":7464,"date":"2019-07-17T13:45:27","date_gmt":"2019-07-17T18:45:27","guid":{"rendered":"http:\/\/ugelchucuito.edu.pe\/portal\/?p=7464"},"modified":"2019-07-17T13:45:27","modified_gmt":"2019-07-17T18:45:27","slug":"convocatoria-de-contratacion-de-acompanamiento-pedagogico-2019","status":"publish","type":"post","link":"https:\/\/ugelchucuito.edu.pe\/portal\/2019\/07\/17\/convocatoria-de-contratacion-de-acompanamiento-pedagogico-2019\/","title":{"rendered":"CONVOCATORIA DE CONTRATACI\u00d3N DE ACOMPA\u00d1AMIENTO PEDAG\u00d3GICO 2019"},"content":{"rendered":"<h2><span style=\"color: #ff0000;\">LINK DE INSCRIPCI\u00d3N<\/span><\/h2>\n<h2><span style=\"color: #ffffff;\">.<\/span><\/h2>\n<h2><a href=\"http:\/\/formacionenservicio.minedu.gob.pe\/aulavirtual\/\" target=\"_blank\" rel=\"noopener noreferrer\">http:\/\/formacionenservicio.minedu.gob.pe\/aulavirtual\/<\/a><\/h2>\n<h2><span style=\"color: #ffffff;\">.<\/span><\/h2>\n<p>&nbsp;<\/p>\n","protected":false},"excerpt":{"rendered":"<p>LINK DE INSCRIPCI\u00d3N . http:\/\/formacionenservicio.minedu.gob.pe\/aulavirtual\/ . &nbsp;<\/p>\n","protected":false},"author":1,"featured_media":0,"comment_status":"open","ping_status":"open","sticky":false,"template":"","format":"standard","meta":{"footnotes":""},"categories":[],"tags":[],"class_list":["post-7464","post","type-post","status-publish","format-standard","hentry"],"_links":{"self":[{"href":"https:\/\/ugelchucuito.edu.pe\/portal\/wp-json\/wp\/v2\/posts\/7464","targetHints":{"allow":["GET"]}}],"collection":[{"href":"https:\/\/ugelchucuito.edu.pe\/portal\/wp-json\/wp\/v2\/posts"}],"about":[{"href":"https:\/\/ugelchucuito.edu.pe\/portal\/wp-json\/wp\/v2\/types\/post"}],"author":[{"embeddable":true,"href":"https:\/\/ugelchucuito.edu.pe\/portal\/wp-json\/wp\/v2\/users\/1"}],"replies":[{"embeddable":true,"href":"https:\/\/ugelchucuito.edu.pe\/portal\/wp-json\/wp\/v2\/comments?post=7464"}],"version-history":[{"count":1,"href":"https:\/\/ugelchucuito.edu.pe\/portal\/wp-json\/wp\/v2\/posts\/7464\/revisions"}],"predecessor-version":[{"id":7466,"href":"https:\/\/ugelchucuito.edu.pe\/portal\/wp-json\/wp\/v2\/posts\/7464\/revisions\/7466"}],"wp:attachment":[{"href":"https:\/\/ugelchucuito.edu.pe\/portal\/wp-json\/wp\/v2\/media?parent=7464"}],"wp:term":[{"taxonomy":"category","embeddable":true,"href":"https:\/\/ugelchucuito.edu.pe\/portal\/wp-json\/wp\/v2\/categories?post=7464"},{"taxonomy":"post_tag","embeddable":true,"href":"https:\/\/ugelchucuito.edu.pe\/portal\/wp-json\/wp\/v2\/tags?post=7464"}],"curies":[{"name":"wp","href":"https:\/\/api.w.org\/{rel}","templated":true}]}}