{"id":7647,"date":"2019-08-16T15:58:30","date_gmt":"2019-08-16T20:58:30","guid":{"rendered":"http:\/\/ugelchucuito.edu.pe\/portal\/?p=7647"},"modified":"2019-08-16T16:15:11","modified_gmt":"2019-08-16T21:15:11","slug":"vii-concurso-nacional-de-buenas-practicas-docentes","status":"publish","type":"post","link":"https:\/\/ugelchucuito.edu.pe\/portal\/2019\/08\/16\/vii-concurso-nacional-de-buenas-practicas-docentes\/","title":{"rendered":"VII CONCURSO NACIONAL DE BUENAS PRACTICAS DOCENTES"},"content":{"rendered":"<p style=\"font-weight: 400\">Con la finalidad de identificar, reconocer y difundir las buenas practicas docentes y de direcci\u00f3n escolar, MINEDU convoca concurso dirigido a docentes y personal directivo (directores y subdirectores) de instituciones educativas p\u00fablicas de Educaci\u00f3n B\u00e1sica Regular y de Educaci\u00f3n B\u00e1sica Alternativa.<\/p>\n<p style=\"font-weight: 400\">Pueden participar los docentes nombrados y contratados, as\u00ed como los directivos designados o encargados, que hayan desarrollado alguna buena pr\u00e1ctica en cualquiera de las 24 subcategor\u00edas, agrupadas en las cinco categor\u00edas del concurso. Este a\u00f1o podr\u00e1n postular docentes y directivos ganadores de anteriores ediciones del concurso.<\/p>\n<h3>Las inscripciones seg\u00fan bases hasta el <span style=\"font-size: 23px\"><em><strong>10 de setiembre<\/strong><\/em><\/span> a trav\u00e9s de la ficha de inscripci\u00f3n virtual en la p\u00e1gina web del Minedu.<\/h3>\n<h3>http:\/\/www.minedu.gob.pe\/buenaspracticasdocentes<\/h3>\n<h3><\/h3>\n","protected":false},"excerpt":{"rendered":"<p>Con la finalidad de identificar, reconocer y difundir las buenas practicas docentes y de direcci\u00f3n escolar, MINEDU convoca concurso dirigido a docentes y personal directivo (directores y subdirectores) de instituciones educativas p\u00fablicas de Educaci\u00f3n B\u00e1sica Regular y de Educaci\u00f3n B\u00e1sica Alternativa. Pueden participar los docentes nombrados y contratados, as\u00ed como los directivos designados o encargados, [&hellip;]<\/p>\n","protected":false},"author":1,"featured_media":0,"comment_status":"open","ping_status":"open","sticky":false,"template":"","format":"standard","meta":{"footnotes":""},"categories":[],"tags":[],"class_list":["post-7647","post","type-post","status-publish","format-standard","hentry"],"_links":{"self":[{"href":"https:\/\/ugelchucuito.edu.pe\/portal\/wp-json\/wp\/v2\/posts\/7647","targetHints":{"allow":["GET"]}}],"collection":[{"href":"https:\/\/ugelchucuito.edu.pe\/portal\/wp-json\/wp\/v2\/posts"}],"about":[{"href":"https:\/\/ugelchucuito.edu.pe\/portal\/wp-json\/wp\/v2\/types\/post"}],"author":[{"embeddable":true,"href":"https:\/\/ugelchucuito.edu.pe\/portal\/wp-json\/wp\/v2\/users\/1"}],"replies":[{"embeddable":true,"href":"https:\/\/ugelchucuito.edu.pe\/portal\/wp-json\/wp\/v2\/comments?post=7647"}],"version-history":[{"count":4,"href":"https:\/\/ugelchucuito.edu.pe\/portal\/wp-json\/wp\/v2\/posts\/7647\/revisions"}],"predecessor-version":[{"id":7657,"href":"https:\/\/ugelchucuito.edu.pe\/portal\/wp-json\/wp\/v2\/posts\/7647\/revisions\/7657"}],"wp:attachment":[{"href":"https:\/\/ugelchucuito.edu.pe\/portal\/wp-json\/wp\/v2\/media?parent=7647"}],"wp:term":[{"taxonomy":"category","embeddable":true,"href":"https:\/\/ugelchucuito.edu.pe\/portal\/wp-json\/wp\/v2\/categories?post=7647"},{"taxonomy":"post_tag","embeddable":true,"href":"https:\/\/ugelchucuito.edu.pe\/portal\/wp-json\/wp\/v2\/tags?post=7647"}],"curies":[{"name":"wp","href":"https:\/\/api.w.org\/{rel}","templated":true}]}}