{"id":7713,"date":"2019-08-22T15:34:40","date_gmt":"2019-08-22T20:34:40","guid":{"rendered":"http:\/\/ugelchucuito.edu.pe\/portal\/?p=7713"},"modified":"2019-08-22T15:45:14","modified_gmt":"2019-08-22T20:45:14","slug":"comunicado-n-002-concurso-para-el-ascenso-de-escala-magisterial-2019-educacion-tecnico-productiva","status":"publish","type":"post","link":"https:\/\/ugelchucuito.edu.pe\/portal\/2019\/08\/22\/comunicado-n-002-concurso-para-el-ascenso-de-escala-magisterial-2019-educacion-tecnico-productiva\/","title":{"rendered":"COMUNICADO N\u00b0 002 \u2013 CONCURSO PARA EL ASCENSO DE ESCALA MAGISTERIAL 2019 \u2013 EDUCACI\u00d3N T\u00c9CNICO PRODUCTIVA"},"content":{"rendered":"<h2 style=\"text-align: left\"><span style=\"color: #0000ff\"><a style=\"color: #0000ff\" href=\"http:\/\/ugelchucuito.edu.pe\/portal\/wp-content\/uploads\/2019\/08\/COMUNICADO-002-ASC-ETP-2019.pdf\" target=\"_blank\" rel=\"noopener noreferrer\">VER COMUNICADO 002<\/a><\/span><\/h2>\n<h2><span style=\"color: #ffffff\"><strong><em>.<\/em><\/strong><\/span><\/h2>\n<p>&nbsp;<\/p>\n<h2><strong><em>ACREDITACI\u00d3N DE REQUISITOS, DEL DERECHO A RECIBIR BONIFICACI\u00d3N POR DISCAPACIDAD Y DE TRAYECTORIA PROFESIONAL<\/em><\/strong><strong> ANTE EL COMIT\u00c9 DE EVALUACI\u00d3N.<\/strong><\/h2>\n<h2><\/h2>\n","protected":false},"excerpt":{"rendered":"<p>VER COMUNICADO 002 . &nbsp; ACREDITACI\u00d3N DE REQUISITOS, DEL DERECHO A RECIBIR BONIFICACI\u00d3N POR DISCAPACIDAD Y DE TRAYECTORIA PROFESIONAL ANTE EL COMIT\u00c9 DE EVALUACI\u00d3N.<\/p>\n","protected":false},"author":1,"featured_media":0,"comment_status":"open","ping_status":"open","sticky":false,"template":"","format":"standard","meta":{"footnotes":""},"categories":[],"tags":[],"class_list":["post-7713","post","type-post","status-publish","format-standard","hentry"],"_links":{"self":[{"href":"https:\/\/ugelchucuito.edu.pe\/portal\/wp-json\/wp\/v2\/posts\/7713","targetHints":{"allow":["GET"]}}],"collection":[{"href":"https:\/\/ugelchucuito.edu.pe\/portal\/wp-json\/wp\/v2\/posts"}],"about":[{"href":"https:\/\/ugelchucuito.edu.pe\/portal\/wp-json\/wp\/v2\/types\/post"}],"author":[{"embeddable":true,"href":"https:\/\/ugelchucuito.edu.pe\/portal\/wp-json\/wp\/v2\/users\/1"}],"replies":[{"embeddable":true,"href":"https:\/\/ugelchucuito.edu.pe\/portal\/wp-json\/wp\/v2\/comments?post=7713"}],"version-history":[{"count":3,"href":"https:\/\/ugelchucuito.edu.pe\/portal\/wp-json\/wp\/v2\/posts\/7713\/revisions"}],"predecessor-version":[{"id":7717,"href":"https:\/\/ugelchucuito.edu.pe\/portal\/wp-json\/wp\/v2\/posts\/7713\/revisions\/7717"}],"wp:attachment":[{"href":"https:\/\/ugelchucuito.edu.pe\/portal\/wp-json\/wp\/v2\/media?parent=7713"}],"wp:term":[{"taxonomy":"category","embeddable":true,"href":"https:\/\/ugelchucuito.edu.pe\/portal\/wp-json\/wp\/v2\/categories?post=7713"},{"taxonomy":"post_tag","embeddable":true,"href":"https:\/\/ugelchucuito.edu.pe\/portal\/wp-json\/wp\/v2\/tags?post=7713"}],"curies":[{"name":"wp","href":"https:\/\/api.w.org\/{rel}","templated":true}]}}