{"id":8133,"date":"2019-10-14T12:13:15","date_gmt":"2019-10-14T17:13:15","guid":{"rendered":"http:\/\/ugelchucuito.edu.pe\/portal\/?p=8133"},"modified":"2019-10-14T14:44:08","modified_gmt":"2019-10-14T19:44:08","slug":"proceso-de-reasignacion-de-los-profesores-en-el-marco-de-la-ley-29944-lrm-por-interes-personal-y-unidad-familiar-2019","status":"publish","type":"post","link":"https:\/\/ugelchucuito.edu.pe\/portal\/2019\/10\/14\/proceso-de-reasignacion-de-los-profesores-en-el-marco-de-la-ley-29944-lrm-por-interes-personal-y-unidad-familiar-2019\/","title":{"rendered":"PROCESO DE REASIGNACI\u00d3N DE LOS PROFESORES EN EL MARCO DE LA LEY 29944 -LRM \u2013 POR INTER\u00c9S PERSONAL Y UNIDAD FAMILIAR 2019."},"content":{"rendered":"<ul>\n<li><a href=\"http:\/\/ugelchucuito.edu.pe\/portal\/wp-content\/uploads\/2019\/10\/cronog_reasign_docentes_2019.pdf\" target=\"_blank\" rel=\"noopener noreferrer\"><span style=\"color: #0000ff;font-size: 20px\"><strong>VER CRONOGRAMA REGIONAL DEL PROCESO DE REASIGNACI\u00d3N DE LOS PROFESORES EN EL MARCO DE LA LEY 29944 -LRM \u2013 POR INTER\u00c9S PERSONAL Y UNIDAD FAMILIAR<\/strong><\/span>.<\/a><\/li>\n<\/ul>\n<p>&nbsp;<\/p>\n<ul>\n<li><a href=\"http:\/\/ugelchucuito.edu.pe\/portal\/wp-content\/uploads\/2019\/10\/ANEXO_02_DEC_JURADA_RVM-N\u00b0-245-2019-MINEDU.pdf\" target=\"_blank\" rel=\"noopener noreferrer\"><span style=\"color: #0000ff;font-size: 20px\"><strong>VER DECLARACI\u00d3N JURADA PARA EL PROCEDIMIENTO DE REASIGNACI\u00d3N 2019 \u2013 LEY 29944 \u2013 LRM<\/strong><\/span>.<\/a><\/li>\n<\/ul>\n<p>&nbsp;<\/p>\n<ul>\n<li><span style=\"color: #0000ff;font-size: 20px\"><strong><a style=\"color: #0000ff\" href=\"http:\/\/ugelchucuito.edu.pe\/portal\/wp-content\/uploads\/2019\/10\/245-2019-MINEDU-FE-DE-ERRATAS-04-10-2019-06_53_59-RVM-N\u00b0-245-2019-MINEDU-erratas-1.pdf\" target=\"_blank\" rel=\"noopener noreferrer\">VER R.M. N\u00ba 245-2019-MINEDU \u2013 NORMA T\u00c9CNICA DEL PROCESO DE REASIGNACI\u00d3N Y PERMUTA COMPRENDIDOS EN LA LEY 29944- LRM.<\/a><\/strong><\/span><\/li>\n<\/ul>\n<p>&nbsp;<\/p>\n<ul>\n<li><span style=\"color: #0000ff;font-size: 20px\"><strong><a style=\"color: #0000ff\" href=\"http:\/\/ugelchucuito.edu.pe\/portal\/wp-content\/uploads\/2019\/10\/OFICIO_M\u00daLTIPLE-00061-2019-MINEDU-VMGP-DIGEDD.pdf\" target=\"_blank\" rel=\"noopener noreferrer\">VER OFICIO M\u00daLTIPLE N\u00b0 00061-2019-MINEDU-VMGP-DIGEDD<\/a><\/strong><\/span><\/li>\n<\/ul>\n<p><span style=\"color: #800000\"><a style=\"color: #800000\" href=\"http:\/\/www.minedu.gob.pe\/reforma-magisterial\/reasignacion.php\" target=\"_blank\" rel=\"noopener noreferrer\"><span style=\"font-size: 20px\"><strong>DESCARGAR AQUI LA PRE-PUBLICACI\u00d3N DE PLAZAS A NIVEL NACIONAL DE LA WEB DEL MINEDU<\/strong><\/span><\/a><\/span><\/p>\n","protected":false},"excerpt":{"rendered":"<p>VER CRONOGRAMA REGIONAL DEL PROCESO DE REASIGNACI\u00d3N DE LOS PROFESORES EN EL MARCO DE LA LEY 29944 -LRM \u2013 POR INTER\u00c9S PERSONAL Y UNIDAD FAMILIAR. &nbsp; VER DECLARACI\u00d3N JURADA PARA EL PROCEDIMIENTO DE REASIGNACI\u00d3N 2019 \u2013 LEY 29944 \u2013 LRM. &nbsp; VER R.M. N\u00ba 245-2019-MINEDU \u2013 NORMA T\u00c9CNICA DEL PROCESO DE REASIGNACI\u00d3N Y PERMUTA COMPRENDIDOS [&hellip;]<\/p>\n","protected":false},"author":3,"featured_media":0,"comment_status":"open","ping_status":"open","sticky":false,"template":"","format":"standard","meta":{"footnotes":""},"categories":[],"tags":[],"class_list":["post-8133","post","type-post","status-publish","format-standard","hentry"],"_links":{"self":[{"href":"https:\/\/ugelchucuito.edu.pe\/portal\/wp-json\/wp\/v2\/posts\/8133","targetHints":{"allow":["GET"]}}],"collection":[{"href":"https:\/\/ugelchucuito.edu.pe\/portal\/wp-json\/wp\/v2\/posts"}],"about":[{"href":"https:\/\/ugelchucuito.edu.pe\/portal\/wp-json\/wp\/v2\/types\/post"}],"author":[{"embeddable":true,"href":"https:\/\/ugelchucuito.edu.pe\/portal\/wp-json\/wp\/v2\/users\/3"}],"replies":[{"embeddable":true,"href":"https:\/\/ugelchucuito.edu.pe\/portal\/wp-json\/wp\/v2\/comments?post=8133"}],"version-history":[{"count":1,"href":"https:\/\/ugelchucuito.edu.pe\/portal\/wp-json\/wp\/v2\/posts\/8133\/revisions"}],"predecessor-version":[{"id":8138,"href":"https:\/\/ugelchucuito.edu.pe\/portal\/wp-json\/wp\/v2\/posts\/8133\/revisions\/8138"}],"wp:attachment":[{"href":"https:\/\/ugelchucuito.edu.pe\/portal\/wp-json\/wp\/v2\/media?parent=8133"}],"wp:term":[{"taxonomy":"category","embeddable":true,"href":"https:\/\/ugelchucuito.edu.pe\/portal\/wp-json\/wp\/v2\/categories?post=8133"},{"taxonomy":"post_tag","embeddable":true,"href":"https:\/\/ugelchucuito.edu.pe\/portal\/wp-json\/wp\/v2\/tags?post=8133"}],"curies":[{"name":"wp","href":"https:\/\/api.w.org\/{rel}","templated":true}]}}