{"id":8340,"date":"2019-11-04T17:42:10","date_gmt":"2019-11-04T22:42:10","guid":{"rendered":"http:\/\/ugelchucuito.edu.pe\/portal\/?p=8340"},"modified":"2019-11-04T18:00:52","modified_gmt":"2019-11-04T23:00:52","slug":"resultados-de-la-ratificacion-de-encargatura-en-cargos-directivos-y-de-especialistas-en-educacion","status":"publish","type":"post","link":"https:\/\/ugelchucuito.edu.pe\/portal\/2019\/11\/04\/resultados-de-la-ratificacion-de-encargatura-en-cargos-directivos-y-de-especialistas-en-educacion\/","title":{"rendered":"RESULTADOS DE LA RATIFICACI\u00d3N DE ENCARGATURA EN CARGOS DIRECTIVOS Y DE ESPECIALISTAS EN EDUCACI\u00d3N"},"content":{"rendered":"<h2 style=\"text-align: center\"><a href=\"http:\/\/ugelchucuito.edu.pe\/portal\/wp-content\/uploads\/2019\/11\/RESULTADOS-ENCARGOS-DIRECTIVOS-RATIFICACION.pdf\" target=\"_blank\" rel=\"noopener noreferrer\">VER RESULTADOS DE LA RATIFICACI\u00d3N DE ENCARGATURA EN CARGOS DIRECTIVOS Y DE ESPECIALISTAS EN EDUCACI\u00d3N.<\/a><\/h2>\n<p>&nbsp;<\/p>\n<h3><span style=\"color: #0000ff\">NOTA: LA ADJUDICACI\u00d3N SE LLEVAR\u00c1 A CABO EL D\u00cdA MARTES 05 DE NOVIEMBRE A LAS 15.00 HORAS (HORA EXACTA) EN LA SEDE DE LA UGEL CHUCUITO-JULI.<\/span><\/h3>\n","protected":false},"excerpt":{"rendered":"<p>VER RESULTADOS DE LA RATIFICACI\u00d3N DE ENCARGATURA EN CARGOS DIRECTIVOS Y DE ESPECIALISTAS EN EDUCACI\u00d3N. &nbsp; NOTA: LA ADJUDICACI\u00d3N SE LLEVAR\u00c1 A CABO EL D\u00cdA MARTES 05 DE NOVIEMBRE A LAS 15.00 HORAS (HORA EXACTA) EN LA SEDE DE LA UGEL CHUCUITO-JULI.<\/p>\n","protected":false},"author":1,"featured_media":0,"comment_status":"open","ping_status":"open","sticky":false,"template":"","format":"standard","meta":{"footnotes":""},"categories":[],"tags":[],"class_list":["post-8340","post","type-post","status-publish","format-standard","hentry"],"_links":{"self":[{"href":"https:\/\/ugelchucuito.edu.pe\/portal\/wp-json\/wp\/v2\/posts\/8340","targetHints":{"allow":["GET"]}}],"collection":[{"href":"https:\/\/ugelchucuito.edu.pe\/portal\/wp-json\/wp\/v2\/posts"}],"about":[{"href":"https:\/\/ugelchucuito.edu.pe\/portal\/wp-json\/wp\/v2\/types\/post"}],"author":[{"embeddable":true,"href":"https:\/\/ugelchucuito.edu.pe\/portal\/wp-json\/wp\/v2\/users\/1"}],"replies":[{"embeddable":true,"href":"https:\/\/ugelchucuito.edu.pe\/portal\/wp-json\/wp\/v2\/comments?post=8340"}],"version-history":[{"count":4,"href":"https:\/\/ugelchucuito.edu.pe\/portal\/wp-json\/wp\/v2\/posts\/8340\/revisions"}],"predecessor-version":[{"id":8346,"href":"https:\/\/ugelchucuito.edu.pe\/portal\/wp-json\/wp\/v2\/posts\/8340\/revisions\/8346"}],"wp:attachment":[{"href":"https:\/\/ugelchucuito.edu.pe\/portal\/wp-json\/wp\/v2\/media?parent=8340"}],"wp:term":[{"taxonomy":"category","embeddable":true,"href":"https:\/\/ugelchucuito.edu.pe\/portal\/wp-json\/wp\/v2\/categories?post=8340"},{"taxonomy":"post_tag","embeddable":true,"href":"https:\/\/ugelchucuito.edu.pe\/portal\/wp-json\/wp\/v2\/tags?post=8340"}],"curies":[{"name":"wp","href":"https:\/\/api.w.org\/{rel}","templated":true}]}}