{"id":8373,"date":"2019-11-05T23:06:48","date_gmt":"2019-11-06T04:06:48","guid":{"rendered":"http:\/\/ugelchucuito.edu.pe\/portal\/?p=8373"},"modified":"2019-11-05T23:11:34","modified_gmt":"2019-11-06T04:11:34","slug":"proceso-de-reasignacion-del-personal-administrativo-en-el-marco-del-decreto-legislativo-n276-2019","status":"publish","type":"post","link":"https:\/\/ugelchucuito.edu.pe\/portal\/2019\/11\/05\/proceso-de-reasignacion-del-personal-administrativo-en-el-marco-del-decreto-legislativo-n276-2019\/","title":{"rendered":"PROCESO DE REASIGNACI\u00d3N DEL PERSONAL ADMINISTRATIVO EN EL MARCO DEL DECRETO LEGISLATIVO N\u00b0276 \u2013 2019"},"content":{"rendered":"<p style=\"text-align: center\"><strong><span style=\"color: #ff0000\">PROCESO DE RESIGNACI\u00d3N PARA EL PERSONAL ADMINISTRATIVO 2019, EN CONCORDANCIA AL CRONOGRAMA PUBLICADO POR LA DIRECCI\u00d3N REGIONAL DE EDUCACI\u00d3N PUNO.<\/span><\/strong><\/p>\n<p><a href=\"http:\/\/ugelchucuito.edu.pe\/portal\/wp-content\/uploads\/2019\/11\/Plazas-Org\u00e1nicas-Vacantes-Personal-Administrativo.pdf\" target=\"_blank\" rel=\"noopener noreferrer\">VER Plazas Org\u00e1nicas Vacantes Personal Administrativo<\/a><\/p>\n","protected":false},"excerpt":{"rendered":"<p>PROCESO DE RESIGNACI\u00d3N PARA EL PERSONAL ADMINISTRATIVO 2019, EN CONCORDANCIA AL CRONOGRAMA PUBLICADO POR LA DIRECCI\u00d3N REGIONAL DE EDUCACI\u00d3N PUNO. VER Plazas Org\u00e1nicas Vacantes Personal Administrativo<\/p>\n","protected":false},"author":11,"featured_media":0,"comment_status":"open","ping_status":"open","sticky":false,"template":"","format":"standard","meta":{"footnotes":""},"categories":[],"tags":[],"class_list":["post-8373","post","type-post","status-publish","format-standard","hentry"],"_links":{"self":[{"href":"https:\/\/ugelchucuito.edu.pe\/portal\/wp-json\/wp\/v2\/posts\/8373","targetHints":{"allow":["GET"]}}],"collection":[{"href":"https:\/\/ugelchucuito.edu.pe\/portal\/wp-json\/wp\/v2\/posts"}],"about":[{"href":"https:\/\/ugelchucuito.edu.pe\/portal\/wp-json\/wp\/v2\/types\/post"}],"author":[{"embeddable":true,"href":"https:\/\/ugelchucuito.edu.pe\/portal\/wp-json\/wp\/v2\/users\/11"}],"replies":[{"embeddable":true,"href":"https:\/\/ugelchucuito.edu.pe\/portal\/wp-json\/wp\/v2\/comments?post=8373"}],"version-history":[{"count":3,"href":"https:\/\/ugelchucuito.edu.pe\/portal\/wp-json\/wp\/v2\/posts\/8373\/revisions"}],"predecessor-version":[{"id":8377,"href":"https:\/\/ugelchucuito.edu.pe\/portal\/wp-json\/wp\/v2\/posts\/8373\/revisions\/8377"}],"wp:attachment":[{"href":"https:\/\/ugelchucuito.edu.pe\/portal\/wp-json\/wp\/v2\/media?parent=8373"}],"wp:term":[{"taxonomy":"category","embeddable":true,"href":"https:\/\/ugelchucuito.edu.pe\/portal\/wp-json\/wp\/v2\/categories?post=8373"},{"taxonomy":"post_tag","embeddable":true,"href":"https:\/\/ugelchucuito.edu.pe\/portal\/wp-json\/wp\/v2\/tags?post=8373"}],"curies":[{"name":"wp","href":"https:\/\/api.w.org\/{rel}","templated":true}]}}