{"id":8437,"date":"2019-11-12T08:47:08","date_gmt":"2019-11-12T13:47:08","guid":{"rendered":"http:\/\/ugelchucuito.edu.pe\/portal\/?p=8437"},"modified":"2019-11-12T08:47:08","modified_gmt":"2019-11-12T13:47:08","slug":"se-amplia-la-inscripcion-del-ii-concurso-provincial-de-buenas-practicas-docentes","status":"publish","type":"post","link":"https:\/\/ugelchucuito.edu.pe\/portal\/2019\/11\/12\/se-amplia-la-inscripcion-del-ii-concurso-provincial-de-buenas-practicas-docentes\/","title":{"rendered":"SE AMPLIA LA INSCRIPCION DEL II CONCURSO PROVINCIAL DE BUENAS PRACTICAS DOCENTES"},"content":{"rendered":"<p>Amig@s se amplia la inscripci\u00f3n para el II Concurso Provincial de Buenas Pr\u00e1cticas Docentes, esperamos su participaci\u00f3n con su iniciativa que vienen desarrollando, seg\u00fan oficio:<\/p>\n<p><a href=\"http:\/\/ugelchucuito.edu.pe\/portal\/wp-content\/uploads\/2019\/11\/OFICIO-AMPLIACION.pdf\" target=\"_blank\" rel=\"noopener noreferrer\">OFICIO DE AMPLIACI\u00d3N<\/a><\/p>\n","protected":false},"excerpt":{"rendered":"<p>Amig@s se amplia la inscripci\u00f3n para el II Concurso Provincial de Buenas Pr\u00e1cticas Docentes, esperamos su participaci\u00f3n con su iniciativa que vienen desarrollando, seg\u00fan oficio: OFICIO DE AMPLIACI\u00d3N<\/p>\n","protected":false},"author":1,"featured_media":0,"comment_status":"open","ping_status":"open","sticky":false,"template":"","format":"standard","meta":{"footnotes":""},"categories":[],"tags":[],"class_list":["post-8437","post","type-post","status-publish","format-standard","hentry"],"_links":{"self":[{"href":"https:\/\/ugelchucuito.edu.pe\/portal\/wp-json\/wp\/v2\/posts\/8437","targetHints":{"allow":["GET"]}}],"collection":[{"href":"https:\/\/ugelchucuito.edu.pe\/portal\/wp-json\/wp\/v2\/posts"}],"about":[{"href":"https:\/\/ugelchucuito.edu.pe\/portal\/wp-json\/wp\/v2\/types\/post"}],"author":[{"embeddable":true,"href":"https:\/\/ugelchucuito.edu.pe\/portal\/wp-json\/wp\/v2\/users\/1"}],"replies":[{"embeddable":true,"href":"https:\/\/ugelchucuito.edu.pe\/portal\/wp-json\/wp\/v2\/comments?post=8437"}],"version-history":[{"count":1,"href":"https:\/\/ugelchucuito.edu.pe\/portal\/wp-json\/wp\/v2\/posts\/8437\/revisions"}],"predecessor-version":[{"id":8440,"href":"https:\/\/ugelchucuito.edu.pe\/portal\/wp-json\/wp\/v2\/posts\/8437\/revisions\/8440"}],"wp:attachment":[{"href":"https:\/\/ugelchucuito.edu.pe\/portal\/wp-json\/wp\/v2\/media?parent=8437"}],"wp:term":[{"taxonomy":"category","embeddable":true,"href":"https:\/\/ugelchucuito.edu.pe\/portal\/wp-json\/wp\/v2\/categories?post=8437"},{"taxonomy":"post_tag","embeddable":true,"href":"https:\/\/ugelchucuito.edu.pe\/portal\/wp-json\/wp\/v2\/tags?post=8437"}],"curies":[{"name":"wp","href":"https:\/\/api.w.org\/{rel}","templated":true}]}}