{"id":8523,"date":"2019-11-18T14:50:37","date_gmt":"2019-11-18T19:50:37","guid":{"rendered":"http:\/\/ugelchucuito.edu.pe\/portal\/?p=8523"},"modified":"2019-11-20T08:22:12","modified_gmt":"2019-11-20T13:22:12","slug":"cuadro-de-meritos-final-proceso-de-reasignacion-por-interes-personal-d-l-276-ugel-chucuito-juli-2019","status":"publish","type":"post","link":"https:\/\/ugelchucuito.edu.pe\/portal\/2019\/11\/18\/cuadro-de-meritos-final-proceso-de-reasignacion-por-interes-personal-d-l-276-ugel-chucuito-juli-2019\/","title":{"rendered":"CUADRO DE M\u00c9RITOS FINAL: PROCESO DE REASIGNACI\u00d3N POR INTER\u00c9S PERSONAL D.L. 276. UGEL CHUCUITO JULI 2019."},"content":{"rendered":"<p><span style=\"color: #0000ff;font-size: 20px\"><strong><a style=\"color: #0000ff\" href=\"http:\/\/ugelchucuito.edu.pe\/portal\/wp-content\/uploads\/2019\/11\/CUADRO_DE_MERIT_FINAL_REASIG_DL_276_2019.pdf\" target=\"_blank\" rel=\"noopener noreferrer\">VER CUADRO DE M\u00c9RITOS FINAL<\/a><\/strong><\/span><\/p>\n<p><span style=\"color: #800000;font-size: 20px\"><strong>LA ADJUDICACI\u00d3N SE REALIZAR\u00c1 EL D\u00cdA MI\u00c9RCOLES 20-11-2019 A HORAS 02:00 P.M. EN LAS INSTALACIONES DE LA SEDE ADMINISTRATIVA DE LA UGEL CHUCUITO &#8211; JULI.<\/strong><\/span><\/p>\n","protected":false},"excerpt":{"rendered":"<p>VER CUADRO DE M\u00c9RITOS FINAL LA ADJUDICACI\u00d3N SE REALIZAR\u00c1 EL D\u00cdA MI\u00c9RCOLES 20-11-2019 A HORAS 02:00 P.M. EN LAS INSTALACIONES DE LA SEDE ADMINISTRATIVA DE LA UGEL CHUCUITO &#8211; JULI.<\/p>\n","protected":false},"author":3,"featured_media":0,"comment_status":"open","ping_status":"open","sticky":false,"template":"","format":"standard","meta":{"footnotes":""},"categories":[],"tags":[],"class_list":["post-8523","post","type-post","status-publish","format-standard","hentry"],"_links":{"self":[{"href":"https:\/\/ugelchucuito.edu.pe\/portal\/wp-json\/wp\/v2\/posts\/8523","targetHints":{"allow":["GET"]}}],"collection":[{"href":"https:\/\/ugelchucuito.edu.pe\/portal\/wp-json\/wp\/v2\/posts"}],"about":[{"href":"https:\/\/ugelchucuito.edu.pe\/portal\/wp-json\/wp\/v2\/types\/post"}],"author":[{"embeddable":true,"href":"https:\/\/ugelchucuito.edu.pe\/portal\/wp-json\/wp\/v2\/users\/3"}],"replies":[{"embeddable":true,"href":"https:\/\/ugelchucuito.edu.pe\/portal\/wp-json\/wp\/v2\/comments?post=8523"}],"version-history":[{"count":3,"href":"https:\/\/ugelchucuito.edu.pe\/portal\/wp-json\/wp\/v2\/posts\/8523\/revisions"}],"predecessor-version":[{"id":8550,"href":"https:\/\/ugelchucuito.edu.pe\/portal\/wp-json\/wp\/v2\/posts\/8523\/revisions\/8550"}],"wp:attachment":[{"href":"https:\/\/ugelchucuito.edu.pe\/portal\/wp-json\/wp\/v2\/media?parent=8523"}],"wp:term":[{"taxonomy":"category","embeddable":true,"href":"https:\/\/ugelchucuito.edu.pe\/portal\/wp-json\/wp\/v2\/categories?post=8523"},{"taxonomy":"post_tag","embeddable":true,"href":"https:\/\/ugelchucuito.edu.pe\/portal\/wp-json\/wp\/v2\/tags?post=8523"}],"curies":[{"name":"wp","href":"https:\/\/api.w.org\/{rel}","templated":true}]}}