{"id":8594,"date":"2019-11-26T18:28:03","date_gmt":"2019-11-26T23:28:03","guid":{"rendered":"http:\/\/ugelchucuito.edu.pe\/portal\/?p=8594"},"modified":"2019-11-26T18:30:55","modified_gmt":"2019-11-26T23:30:55","slug":"resultados-finales-evaluacion-de-hoja-de-vida-etapa-i-proceso-de-encargatura-de-cargos-directivos-ugel-chucuito-juli-2020","status":"publish","type":"post","link":"https:\/\/ugelchucuito.edu.pe\/portal\/2019\/11\/26\/resultados-finales-evaluacion-de-hoja-de-vida-etapa-i-proceso-de-encargatura-de-cargos-directivos-ugel-chucuito-juli-2020\/","title":{"rendered":"RESULTADOS FINALES EVALUACI\u00d3N DE HOJA DE VIDA \u2013 ETAPA I: PROCESO DE ENCARGATURA DE CARGOS DIRECTIVOS UGEL CHUCUITO JULI 2020"},"content":{"rendered":"<h2><span style=\"color: #993300\"><a style=\"color: #993300\" href=\"http:\/\/ugelchucuito.edu.pe\/portal\/wp-content\/uploads\/2019\/11\/RESULTADOS-FINALES-ENCARGOS-DIRECTIVOS.pdf\" target=\"_blank\" rel=\"noopener noreferrer\">VER RESULTADOS<\/a><\/span><\/h2>\n<h2><span style=\"color: #0000ff\"><strong><u>Nota<\/u><\/strong>: la adjudicaci\u00f3n de plazas se llevar\u00e1 a cabo el d\u00eda jueves 28 de noviembre del 2019 a las 15:00 horas en la Instituci\u00f3n Educativa Secundaria \u201cMAR\u00cdA ASUNCI\u00d3N GALINDO\u201d \u2013 Juli.<\/span><\/h2>\n","protected":false},"excerpt":{"rendered":"<p>VER RESULTADOS Nota: la adjudicaci\u00f3n de plazas se llevar\u00e1 a cabo el d\u00eda jueves 28 de noviembre del 2019 a las 15:00 horas en la Instituci\u00f3n Educativa Secundaria \u201cMAR\u00cdA ASUNCI\u00d3N GALINDO\u201d \u2013 Juli.<\/p>\n","protected":false},"author":1,"featured_media":0,"comment_status":"open","ping_status":"open","sticky":false,"template":"","format":"standard","meta":{"footnotes":""},"categories":[],"tags":[],"class_list":["post-8594","post","type-post","status-publish","format-standard","hentry"],"_links":{"self":[{"href":"https:\/\/ugelchucuito.edu.pe\/portal\/wp-json\/wp\/v2\/posts\/8594","targetHints":{"allow":["GET"]}}],"collection":[{"href":"https:\/\/ugelchucuito.edu.pe\/portal\/wp-json\/wp\/v2\/posts"}],"about":[{"href":"https:\/\/ugelchucuito.edu.pe\/portal\/wp-json\/wp\/v2\/types\/post"}],"author":[{"embeddable":true,"href":"https:\/\/ugelchucuito.edu.pe\/portal\/wp-json\/wp\/v2\/users\/1"}],"replies":[{"embeddable":true,"href":"https:\/\/ugelchucuito.edu.pe\/portal\/wp-json\/wp\/v2\/comments?post=8594"}],"version-history":[{"count":2,"href":"https:\/\/ugelchucuito.edu.pe\/portal\/wp-json\/wp\/v2\/posts\/8594\/revisions"}],"predecessor-version":[{"id":8597,"href":"https:\/\/ugelchucuito.edu.pe\/portal\/wp-json\/wp\/v2\/posts\/8594\/revisions\/8597"}],"wp:attachment":[{"href":"https:\/\/ugelchucuito.edu.pe\/portal\/wp-json\/wp\/v2\/media?parent=8594"}],"wp:term":[{"taxonomy":"category","embeddable":true,"href":"https:\/\/ugelchucuito.edu.pe\/portal\/wp-json\/wp\/v2\/categories?post=8594"},{"taxonomy":"post_tag","embeddable":true,"href":"https:\/\/ugelchucuito.edu.pe\/portal\/wp-json\/wp\/v2\/tags?post=8594"}],"curies":[{"name":"wp","href":"https:\/\/api.w.org\/{rel}","templated":true}]}}