{"id":8632,"date":"2019-11-29T10:31:11","date_gmt":"2019-11-29T15:31:11","guid":{"rendered":"http:\/\/ugelchucuito.edu.pe\/portal\/?p=8632"},"modified":"2019-11-29T10:40:06","modified_gmt":"2019-11-29T15:40:06","slug":"taller-de-sistematizacion-y-ajustes-de-bpd","status":"publish","type":"post","link":"https:\/\/ugelchucuito.edu.pe\/portal\/2019\/11\/29\/taller-de-sistematizacion-y-ajustes-de-bpd\/","title":{"rendered":"TALLER DE SISTEMATIZACION Y AJUSTES DE BPD"},"content":{"rendered":"<p><span style=\"font-family: 'arial black', 'avant garde';font-size: 17px\"><strong>Innovando ando&#8230; ando innovando;<\/strong><\/span> Amig@s directivos, docentes de EBR del \u00e1mbito de la UGEL, les invitamos a participar al taller de sistematizacion y ajustes de nuestras practicas pedag\u00f3gicas, que nos permitir\u00e1 participar al II Concurso Provincial de Buenas Practicas Docentes en el marco de la implementacion del CNEB. con la ponencia del consultor del MINEDU: Jaime Montes Garcia<\/p>\n<p><a href=\"http:\/\/ugelchucuito.edu.pe\/portal\/wp-content\/uploads\/2019\/11\/OF.MULT_.-TALLER-DE-BPD-N\u00b0-140-2019.pdf\" target=\"_blank\" rel=\"noopener noreferrer\">descargar oficio<\/a><\/p>\n","protected":false},"excerpt":{"rendered":"<p>Innovando ando&#8230; ando innovando; Amig@s directivos, docentes de EBR del \u00e1mbito de la UGEL, les invitamos a participar al taller de sistematizacion y ajustes de nuestras practicas pedag\u00f3gicas, que nos permitir\u00e1 participar al II Concurso Provincial de Buenas Practicas Docentes en el marco de la implementacion del CNEB. con la ponencia del consultor del MINEDU: [&hellip;]<\/p>\n","protected":false},"author":1,"featured_media":0,"comment_status":"open","ping_status":"open","sticky":false,"template":"","format":"standard","meta":{"footnotes":""},"categories":[],"tags":[],"class_list":["post-8632","post","type-post","status-publish","format-standard","hentry"],"_links":{"self":[{"href":"https:\/\/ugelchucuito.edu.pe\/portal\/wp-json\/wp\/v2\/posts\/8632","targetHints":{"allow":["GET"]}}],"collection":[{"href":"https:\/\/ugelchucuito.edu.pe\/portal\/wp-json\/wp\/v2\/posts"}],"about":[{"href":"https:\/\/ugelchucuito.edu.pe\/portal\/wp-json\/wp\/v2\/types\/post"}],"author":[{"embeddable":true,"href":"https:\/\/ugelchucuito.edu.pe\/portal\/wp-json\/wp\/v2\/users\/1"}],"replies":[{"embeddable":true,"href":"https:\/\/ugelchucuito.edu.pe\/portal\/wp-json\/wp\/v2\/comments?post=8632"}],"version-history":[{"count":3,"href":"https:\/\/ugelchucuito.edu.pe\/portal\/wp-json\/wp\/v2\/posts\/8632\/revisions"}],"predecessor-version":[{"id":8639,"href":"https:\/\/ugelchucuito.edu.pe\/portal\/wp-json\/wp\/v2\/posts\/8632\/revisions\/8639"}],"wp:attachment":[{"href":"https:\/\/ugelchucuito.edu.pe\/portal\/wp-json\/wp\/v2\/media?parent=8632"}],"wp:term":[{"taxonomy":"category","embeddable":true,"href":"https:\/\/ugelchucuito.edu.pe\/portal\/wp-json\/wp\/v2\/categories?post=8632"},{"taxonomy":"post_tag","embeddable":true,"href":"https:\/\/ugelchucuito.edu.pe\/portal\/wp-json\/wp\/v2\/tags?post=8632"}],"curies":[{"name":"wp","href":"https:\/\/api.w.org\/{rel}","templated":true}]}}