{"id":8640,"date":"2019-11-29T11:28:58","date_gmt":"2019-11-29T16:28:58","guid":{"rendered":"http:\/\/ugelchucuito.edu.pe\/portal\/?p=8640"},"modified":"2019-11-29T11:28:58","modified_gmt":"2019-11-29T16:28:58","slug":"balance-pedagogico-anual-de-redes-educativas","status":"publish","type":"post","link":"https:\/\/ugelchucuito.edu.pe\/portal\/2019\/11\/29\/balance-pedagogico-anual-de-redes-educativas\/","title":{"rendered":"BALANCE PEDAGOGICO ANUAL DE REDES EDUCATIVAS"},"content":{"rendered":"<p>Amig@s coordinadores de las Redes Educativas y IE. que vienen siendo intervenidas con diferentes programas en el \u00e1mbito de la UGEL, tenemos la jornada de Balance Pedag\u00f3gico Anual, seg\u00fan oficio.<\/p>\n<p><a href=\"http:\/\/ugelchucuito.edu.pe\/portal\/wp-content\/uploads\/2019\/11\/OFICIO-DE-BALANCE-DE-REDES.pdf\" target=\"_blank\" rel=\"noopener noreferrer\">Descargar oficio<\/a><\/p>\n","protected":false},"excerpt":{"rendered":"<p>Amig@s coordinadores de las Redes Educativas y IE. que vienen siendo intervenidas con diferentes programas en el \u00e1mbito de la UGEL, tenemos la jornada de Balance Pedag\u00f3gico Anual, seg\u00fan oficio. Descargar oficio<\/p>\n","protected":false},"author":1,"featured_media":0,"comment_status":"open","ping_status":"open","sticky":false,"template":"","format":"standard","meta":{"footnotes":""},"categories":[],"tags":[],"class_list":["post-8640","post","type-post","status-publish","format-standard","hentry"],"_links":{"self":[{"href":"https:\/\/ugelchucuito.edu.pe\/portal\/wp-json\/wp\/v2\/posts\/8640","targetHints":{"allow":["GET"]}}],"collection":[{"href":"https:\/\/ugelchucuito.edu.pe\/portal\/wp-json\/wp\/v2\/posts"}],"about":[{"href":"https:\/\/ugelchucuito.edu.pe\/portal\/wp-json\/wp\/v2\/types\/post"}],"author":[{"embeddable":true,"href":"https:\/\/ugelchucuito.edu.pe\/portal\/wp-json\/wp\/v2\/users\/1"}],"replies":[{"embeddable":true,"href":"https:\/\/ugelchucuito.edu.pe\/portal\/wp-json\/wp\/v2\/comments?post=8640"}],"version-history":[{"count":1,"href":"https:\/\/ugelchucuito.edu.pe\/portal\/wp-json\/wp\/v2\/posts\/8640\/revisions"}],"predecessor-version":[{"id":8644,"href":"https:\/\/ugelchucuito.edu.pe\/portal\/wp-json\/wp\/v2\/posts\/8640\/revisions\/8644"}],"wp:attachment":[{"href":"https:\/\/ugelchucuito.edu.pe\/portal\/wp-json\/wp\/v2\/media?parent=8640"}],"wp:term":[{"taxonomy":"category","embeddable":true,"href":"https:\/\/ugelchucuito.edu.pe\/portal\/wp-json\/wp\/v2\/categories?post=8640"},{"taxonomy":"post_tag","embeddable":true,"href":"https:\/\/ugelchucuito.edu.pe\/portal\/wp-json\/wp\/v2\/tags?post=8640"}],"curies":[{"name":"wp","href":"https:\/\/api.w.org\/{rel}","templated":true}]}}