{"id":91,"date":"2017-06-13T09:00:16","date_gmt":"2017-06-13T14:00:16","guid":{"rendered":"http:\/\/ugelchucuito.edu.pe\/portal\/?p=91"},"modified":"2017-07-01T09:01:33","modified_gmt":"2017-07-01T14:01:33","slug":"curso-virtual-de-formacion-docente-oraculo-matematico-pucp","status":"publish","type":"post","link":"https:\/\/ugelchucuito.edu.pe\/portal\/2017\/06\/13\/curso-virtual-de-formacion-docente-oraculo-matematico-pucp\/","title":{"rendered":"CURSO VIRTUAL DE FORMACI\u00d3N DOCENTE: OR\u00c1CULO MATEM\u00c1TICO (PUCP)"},"content":{"rendered":"<p><strong>Si eres docente de quinto, sexto de primaria y primero de secundaria, inscribirte\u00a0en este curso virtual certificado por la PUCP y aprende sobre gamificaci\u00f3n del aprendizaje (GRATUITO).<\/strong><\/p>\n<p>Resolver problemas de cantidad, de regularidad, equivalencia y cambio o de gesti\u00f3n de datos\u2026 son algunas competencias relacionadas con el \u00e1rea de Matem\u00e1tica. Desarrollarlas permitir\u00e1 que nuestros estudiantes se desenvuelvan con \u00e9xito en las actividades cotidianas, como comprar, pagar, presupuestar, etc., pero tambi\u00e9n en aquellas de mayor complejidad que enfrentamos cuando construimos conocimientos cient\u00edficos, por ejemplo. Entender F\u00edsica o Qu\u00edmica, por citar solo algunas disciplinas, resultar\u00eda imposible sin la Matem\u00e1tica.<\/p>\n<p><strong>\u00bfMatem\u00e1ticas? No, gracias<\/strong><\/p>\n<p>Tambi\u00e9n es cierto que muchos de nuestros estudiantes, por diversas razones, demuestran algo de rechazo por la Matem\u00e1tica. Quiz\u00e1s sea porque no ense\u00f1amos esta \u00e1rea aplic\u00e1ndola en nuestra vida cotidiana y los estudiantes no la encuentran significativa. Tal vez se trate de la \u201cfama\u201d que tiene. Algunos suelen pensar que son \u201cdif\u00edciles\u201d o que solo unos cuantos est\u00e1n \u201cdotados\u201d para ella.<\/p>\n<p>Las tecnolog\u00edas digitales pueden jugar a nuestro favor, en este sentido, y funcionar como excelentes motivadores. Un ejemplo de ello es la utilizaci\u00f3n de los celulares o dispositivos m\u00f3viles, pero m\u00e1s espec\u00edficamente, las estrategias que han hecho populares. Nos referimos a la gamificaci\u00f3n.<\/p>\n<p>Ya has escuchado sobre \u201cgamificar\u201d aqu\u00ed en Per\u00faEduca. Se trata de que nos apropiemos de los recursos que emplean los juegos y comunidades virtuales para \u201cenganchar\u201d a nuestros estudiantes con determinados contenidos educativos.<\/p>\n<p><strong>Consulta con el Or\u00e1culo<\/strong><\/p>\n<p>Fundaci\u00f3n Telef\u00f3nica tiene en cuenta esto. Por eso, desarroll\u00f3, en conjunto con la\u00a0 Pontificia Universidad Cat\u00f3lica del Per\u00fa, el\u00a0<strong>Or\u00e1culo Matem\u00e1gico<\/strong>, aplicativo para celulares y tabletas, que necesita de un o una gu\u00eda para su uso. T\u00fa puedes convertirte en esa gu\u00eda para tus estudiantes. Inscr\u00edbete y participa del curso virtual de formaci\u00f3n docente\u00a0<strong>Uso del Or\u00e1culo Matem\u00e1gico en el aula<\/strong>\u00a0que tiene como objetivo dar a conocer las bases te\u00f3ricas de la ense\u00f1anza de la Matem\u00e1tica con tecnolog\u00eda, implementando y utilizando el aplicativo m\u00f3vil en el aula.<\/p>\n<p><iframe loading=\"lazy\" src=\"https:\/\/www.youtube.com\/embed\/WkRPO-7HkBs\" width=\"100%\" height=\"360\" frameborder=\"0\" allowfullscreen=\"allowfullscreen\" data-mce-fragment=\"1\"><\/iframe><\/p>\n<p><strong>\u00bfCu\u00e1les son los requisitos para participar?<\/strong><\/p>\n<ul>\n<li>Ser docente de quinto y sexto grado de primaria o primero de secundaria.<\/li>\n<li>Los estudiantes a cargo del docente deber\u00e1n disponer de celulares o tabletas con el aplicativo, dentro o fuera de la instituci\u00f3n educativa.<\/li>\n<\/ul>\n<p><strong>\u00bfQu\u00e9 temas se desarrollar\u00e1n?<\/strong><\/p>\n<ul>\n<li>Introducci\u00f3n al uso de tecnolog\u00edas: Gamificaci\u00f3n y mobile learning<\/li>\n<li>\u00bfQu\u00e9 es Or\u00e1culo Matem\u00e1gico?<\/li>\n<li>Definici\u00f3n de Buenas pr\u00e1cticas docentes<\/li>\n<li>\u00bfC\u00f3mo ense\u00f1ar matem\u00e1ticas?<\/li>\n<li>Testimonio de docentes sobre el uso del aplicativo Or\u00e1culo Matem\u00e1gico<\/li>\n<li>Competencias del Curr\u00edculo Nacional que fomenta el aplicativo<\/li>\n<li>\u00bfC\u00f3mo usar el aplicativo Or\u00e1culo Matem\u00e1gico en el aula?<\/li>\n<\/ul>\n<p><strong>\u00bfCu\u00e1nto dura este curso?<\/strong><\/p>\n<ul>\n<li>Las inscripciones est\u00e1n abiertas.<\/li>\n<li>El curso se iniciar\u00e1 el 26 de junio y culminar\u00e1 el 3 de setiembre de 2017. Tiene una duraci\u00f3n de 120 horas pedag\u00f3gicas a lo largo de 10 semanas.<\/li>\n<\/ul>\n<ol>\n<li>M\u00f3dulos de contenido: 6 semanas, 60 horas pedag\u00f3gicas.<\/li>\n<li>Proyecto educativo (Incorporaci\u00f3n de \u201cOr\u00e1culo Matem\u00e1gico\u201d en el aula): 4 semanas, 60 horas pedag\u00f3gicas.<\/li>\n<\/ol>\n<ul>\n<li>Para inscribirte, haz clic en el siguiente enlace.<\/li>\n<\/ul>\n<p><strong><a href=\"https:\/\/docs.google.com\/forms\/d\/e\/1FAIpQLSeL50-awFFnd4EMj48Mnd7GmvyK2j88aeAltq67DF7XzEr34w\/viewform?c=0&amp;w=1\" target=\"_blank\" rel=\"noopener\"><img decoding=\"async\" class=\"td-animation-stack-type0-2\" src=\"http:\/\/www.perueduca.pe\/documents\/10179\/220480424\/Boton_Pre_Inscripcion.png?t=1497305462055\" alt=\"\" \/><\/a><\/strong><\/p>\n<p><strong>M\u00e1s informaci\u00f3n<\/strong><\/p>\n<ul>\n<li>Conoce m\u00e1s sobre el curso gratuito\u00a0<a href=\"http:\/\/educared.fundacion.telefonica.com.pe\/actualidad\/curso-gratuito-oraculo-matemagico\/\" target=\"_blank\" rel=\"noopener\"><strong>aqu\u00ed<\/strong>.<\/a><\/li>\n<li>Descarga gratis el \u201cOr\u00e1culo Matem\u00e1gico\u201d en tu celular o tableta\u00a0<a href=\"https:\/\/play.google.com\/store\/apps\/details?id=com.AvatarPucp.OraculoMatemagico&amp;hl=es_419\" target=\"_blank\" rel=\"noopener\"><strong>aqu\u00ed<\/strong>.<\/a><\/li>\n<li>Inf\u00f3rmate sobre uso Pedag\u00f3gico del \u201cOr\u00e1culo Matem\u00e1gico\u201d a trav\u00e9s de este\u00a0<a href=\"https:\/\/www.youtube.com\/watch?v=DYzEO7SC6iA\" target=\"_blank\" rel=\"noopener\"><strong>video<\/strong>.<\/a><\/li>\n<\/ul>\n","protected":false},"excerpt":{"rendered":"<p>Si eres docente de quinto, sexto de primaria y primero de secundaria, inscribirte\u00a0en este curso virtual certificado por la PUCP y aprende sobre gamificaci\u00f3n del aprendizaje (GRATUITO). Resolver problemas de cantidad, de regularidad, equivalencia y cambio o de gesti\u00f3n de datos\u2026 son algunas competencias relacionadas con el \u00e1rea de Matem\u00e1tica. Desarrollarlas permitir\u00e1 que nuestros estudiantes [&hellip;]<\/p>\n","protected":false},"author":1,"featured_media":0,"comment_status":"open","ping_status":"open","sticky":false,"template":"","format":"standard","meta":{"footnotes":""},"categories":[],"tags":[],"class_list":["post-91","post","type-post","status-publish","format-standard","hentry"],"_links":{"self":[{"href":"https:\/\/ugelchucuito.edu.pe\/portal\/wp-json\/wp\/v2\/posts\/91","targetHints":{"allow":["GET"]}}],"collection":[{"href":"https:\/\/ugelchucuito.edu.pe\/portal\/wp-json\/wp\/v2\/posts"}],"about":[{"href":"https:\/\/ugelchucuito.edu.pe\/portal\/wp-json\/wp\/v2\/types\/post"}],"author":[{"embeddable":true,"href":"https:\/\/ugelchucuito.edu.pe\/portal\/wp-json\/wp\/v2\/users\/1"}],"replies":[{"embeddable":true,"href":"https:\/\/ugelchucuito.edu.pe\/portal\/wp-json\/wp\/v2\/comments?post=91"}],"version-history":[{"count":1,"href":"https:\/\/ugelchucuito.edu.pe\/portal\/wp-json\/wp\/v2\/posts\/91\/revisions"}],"predecessor-version":[{"id":93,"href":"https:\/\/ugelchucuito.edu.pe\/portal\/wp-json\/wp\/v2\/posts\/91\/revisions\/93"}],"wp:attachment":[{"href":"https:\/\/ugelchucuito.edu.pe\/portal\/wp-json\/wp\/v2\/media?parent=91"}],"wp:term":[{"taxonomy":"category","embeddable":true,"href":"https:\/\/ugelchucuito.edu.pe\/portal\/wp-json\/wp\/v2\/categories?post=91"},{"taxonomy":"post_tag","embeddable":true,"href":"https:\/\/ugelchucuito.edu.pe\/portal\/wp-json\/wp\/v2\/tags?post=91"}],"curies":[{"name":"wp","href":"https:\/\/api.w.org\/{rel}","templated":true}]}}