{"id":9177,"date":"2020-02-12T15:59:59","date_gmt":"2020-02-12T20:59:59","guid":{"rendered":"http:\/\/ugelchucuito.edu.pe\/portal\/?p=9177"},"modified":"2020-02-12T16:03:12","modified_gmt":"2020-02-12T21:03:12","slug":"directivos-designados-y-encargados-para-el-ano-2020-de-ugel-chucuito-juli-participaron-de-reunion-informativa-sobre-el-biae-2020","status":"publish","type":"post","link":"https:\/\/ugelchucuito.edu.pe\/portal\/2020\/02\/12\/directivos-designados-y-encargados-para-el-ano-2020-de-ugel-chucuito-juli-participaron-de-reunion-informativa-sobre-el-biae-2020\/","title":{"rendered":"DIRECTIVOS DESIGNADOS Y ENCARGADOS PARA EL A\u00d1O 2020 DE UGEL CHUCUITO- JULI  PARTICIPARON DE REUNI\u00d3N INFORMATIVA SOBRE EL BIAE 2020."},"content":{"rendered":"<p>C<span style=\"font-family: 'andale mono', times\">on la participaci\u00f3n de un n\u00famero importante de directivos designados y encargados para el a\u00f1o 2020, del nivel inicial, primario y secundario en el \u00e1mbito de la UGEL Chucuito Juli, la ma\u00f1ana de este <strong>martes 11 de enero<\/strong> <strong>en la Instituci\u00f3n Educativa Mar\u00eda Asunci\u00f3n Galindo, <\/strong>se desarroll\u00f3\u00a0 la <strong>reuni\u00f3n informativa sobre el Buen Inicio del A\u00f1o Escolar 2020 (BIAE 2020).<\/strong><\/span><\/p>\n<p><span style=\"font-family: 'andale mono', times\">El evento fue convocado desde el \u00e1rea de Gesti\u00f3n Pedag\u00f3gica de la UGEL Chucuito Juli\u00a0 y cont\u00f3\u00a0 con la\u00a0 participaci\u00f3n de los docentes especialistas,\u00a0 quienes a su\u00a0 turno\u00a0 compartieron informaci\u00f3n importante sobre el Sistema de Gesti\u00f3n de la Calidad del Servicio Educativo (SIMON). considerando que a la fecha se viene monitoreando bajo este sistema a las IIEE de los niveles inicial, primaria y secundaria.<\/span><\/p>\n","protected":false},"excerpt":{"rendered":"<p>Con la participaci\u00f3n de un n\u00famero importante de directivos designados y encargados para el a\u00f1o 2020, del nivel inicial, primario y secundario en el \u00e1mbito de la UGEL Chucuito Juli, la ma\u00f1ana de este martes 11 de enero en la Instituci\u00f3n Educativa Mar\u00eda Asunci\u00f3n Galindo, se desarroll\u00f3\u00a0 la reuni\u00f3n informativa sobre el Buen Inicio del [&hellip;]<\/p>\n","protected":false},"author":1,"featured_media":0,"comment_status":"open","ping_status":"open","sticky":false,"template":"","format":"standard","meta":{"footnotes":""},"categories":[],"tags":[],"class_list":["post-9177","post","type-post","status-publish","format-standard","hentry"],"_links":{"self":[{"href":"https:\/\/ugelchucuito.edu.pe\/portal\/wp-json\/wp\/v2\/posts\/9177","targetHints":{"allow":["GET"]}}],"collection":[{"href":"https:\/\/ugelchucuito.edu.pe\/portal\/wp-json\/wp\/v2\/posts"}],"about":[{"href":"https:\/\/ugelchucuito.edu.pe\/portal\/wp-json\/wp\/v2\/types\/post"}],"author":[{"embeddable":true,"href":"https:\/\/ugelchucuito.edu.pe\/portal\/wp-json\/wp\/v2\/users\/1"}],"replies":[{"embeddable":true,"href":"https:\/\/ugelchucuito.edu.pe\/portal\/wp-json\/wp\/v2\/comments?post=9177"}],"version-history":[{"count":4,"href":"https:\/\/ugelchucuito.edu.pe\/portal\/wp-json\/wp\/v2\/posts\/9177\/revisions"}],"predecessor-version":[{"id":9182,"href":"https:\/\/ugelchucuito.edu.pe\/portal\/wp-json\/wp\/v2\/posts\/9177\/revisions\/9182"}],"wp:attachment":[{"href":"https:\/\/ugelchucuito.edu.pe\/portal\/wp-json\/wp\/v2\/media?parent=9177"}],"wp:term":[{"taxonomy":"category","embeddable":true,"href":"https:\/\/ugelchucuito.edu.pe\/portal\/wp-json\/wp\/v2\/categories?post=9177"},{"taxonomy":"post_tag","embeddable":true,"href":"https:\/\/ugelchucuito.edu.pe\/portal\/wp-json\/wp\/v2\/tags?post=9177"}],"curies":[{"name":"wp","href":"https:\/\/api.w.org\/{rel}","templated":true}]}}