{"id":9226,"date":"2020-02-17T17:55:26","date_gmt":"2020-02-17T22:55:26","guid":{"rendered":"http:\/\/ugelchucuito.edu.pe\/portal\/?p=9226"},"modified":"2020-02-17T18:07:05","modified_gmt":"2020-02-17T23:07:05","slug":"convocatoria-i-gia-2020","status":"publish","type":"post","link":"https:\/\/ugelchucuito.edu.pe\/portal\/2020\/02\/17\/convocatoria-i-gia-2020\/","title":{"rendered":"CONVOCATORIA I GIA 2020 &#8211; DIRECTIVOS DE IE"},"content":{"rendered":"<p>Saludos estimados Directivos de IEE.<\/p>\n<p>Hacemos de su conocimiento la convocatoria para nuestro <strong>I Grupo de Inter Aprendizaje (I GIA 2020) entre L\u00edderes Pedag\u00f3gicos<\/strong>, \u00a0(<strong>Directivos de Instituciones Educativas de los niveles: Inicial, Primaria y Secundaria, CEBA y CETPRO) <\/strong>de nuestra jurisdicci\u00f3n; la misma que se desarrollar\u00e1 conforme a siguiente detalle:<\/p>\n<table>\n<tbody>\n<tr>\n<td width=\"158\">PARTICIPANTES<\/td>\n<td width=\"80\">NIVEL<\/td>\n<td width=\"182\">LOCAL<\/td>\n<td width=\"79\">FECHAS<\/td>\n<td width=\"98\">HORARIO<\/td>\n<\/tr>\n<tr>\n<td rowspan=\"3\" width=\"158\">Directivos(as) de las IIEE de los distritos de Juli y Pomata.<\/td>\n<td width=\"80\">Inicial<\/td>\n<td width=\"182\">IEI 244 &#8211; JZM<\/td>\n<td rowspan=\"3\" width=\"79\">Jueves 20 de febrero<\/td>\n<td rowspan=\"3\" width=\"98\">De 8:30 a.m. a 4:30 p.m.<\/td>\n<\/tr>\n<tr>\n<td width=\"80\">Primaria<\/td>\n<td width=\"182\">IEP 70173 &#8211; 890<\/td>\n<\/tr>\n<tr>\n<td width=\"80\">Secundaria<\/td>\n<td width=\"182\">IEP 70175 &#8211; SJB<\/td>\n<\/tr>\n<tr>\n<td rowspan=\"3\" width=\"158\">Directivos(as) de las IIEE de los Distritos de Pisacoma, Kelluyo, Huacullani, Zepita y Desaguadero<\/td>\n<td width=\"80\">Inicial<\/td>\n<td width=\"182\">IEI 199 &#8211; desaguadero<\/td>\n<td rowspan=\"3\" width=\"79\">Viernes 21 de febrero<\/td>\n<td rowspan=\"3\" width=\"98\">De 9:00 a.m. a 5:00 p.m.<\/td>\n<\/tr>\n<tr>\n<td width=\"80\">Primaria<\/td>\n<td width=\"182\">IEP 71005<\/td>\n<\/tr>\n<tr>\n<td width=\"80\">Secundaria<\/td>\n<td width=\"182\">IES T\u00c9CNICO COMERCIAL<\/td>\n<\/tr>\n<\/tbody>\n<\/table>\n<p>Su asistencia a este I Grupo de Inter Aprendizaje 2020 aportar\u00e1 de sobremanera en el BIAE y la implementaci\u00f3n del CNEB en el presente a\u00f1o acad\u00e9mico<\/p>\n<p>Descargar <a href=\"http:\/\/ugelchucuito.edu.pe\/portal\/wp-content\/uploads\/2020\/02\/Convocatoria-I-GIA-2020.pdf\" target=\"_blank\" rel=\"noopener noreferrer\">OFICIO M\u00daLTIPLE N\u00b0 007-2020-DUGELCHJ.<\/a><\/p>\n<p><strong>Nota:<\/strong> los Directivos de CEBA y CETPRO tendr\u00e1n GIA el viernes 21 de febrero en el local del CEBA Tel\u00e9sforo Catacora a partir de la 9:00 a.m.<\/p>\n<p><img decoding=\"async\" src=\"https:\/\/i1.wp.com\/revolucionpersonal.com\/wp-content\/uploads\/2018\/01\/frases-trabajo-equipo-4-Copiar.jpg?ssl=1\" alt=\"Resultado de imagen de FRASES TRABAJO COLABORATIVO\" \/><\/p>\n","protected":false},"excerpt":{"rendered":"<p>Saludos estimados Directivos de IEE. Hacemos de su conocimiento la convocatoria para nuestro I Grupo de Inter Aprendizaje (I GIA 2020) entre L\u00edderes Pedag\u00f3gicos, \u00a0(Directivos de Instituciones Educativas de los niveles: Inicial, Primaria y Secundaria, CEBA y CETPRO) de nuestra jurisdicci\u00f3n; la misma que se desarrollar\u00e1 conforme a siguiente detalle: PARTICIPANTES NIVEL LOCAL FECHAS HORARIO [&hellip;]<\/p>\n","protected":false},"author":2,"featured_media":0,"comment_status":"open","ping_status":"open","sticky":false,"template":"","format":"standard","meta":{"footnotes":""},"categories":[],"tags":[],"class_list":["post-9226","post","type-post","status-publish","format-standard","hentry"],"_links":{"self":[{"href":"https:\/\/ugelchucuito.edu.pe\/portal\/wp-json\/wp\/v2\/posts\/9226","targetHints":{"allow":["GET"]}}],"collection":[{"href":"https:\/\/ugelchucuito.edu.pe\/portal\/wp-json\/wp\/v2\/posts"}],"about":[{"href":"https:\/\/ugelchucuito.edu.pe\/portal\/wp-json\/wp\/v2\/types\/post"}],"author":[{"embeddable":true,"href":"https:\/\/ugelchucuito.edu.pe\/portal\/wp-json\/wp\/v2\/users\/2"}],"replies":[{"embeddable":true,"href":"https:\/\/ugelchucuito.edu.pe\/portal\/wp-json\/wp\/v2\/comments?post=9226"}],"version-history":[{"count":3,"href":"https:\/\/ugelchucuito.edu.pe\/portal\/wp-json\/wp\/v2\/posts\/9226\/revisions"}],"predecessor-version":[{"id":9232,"href":"https:\/\/ugelchucuito.edu.pe\/portal\/wp-json\/wp\/v2\/posts\/9226\/revisions\/9232"}],"wp:attachment":[{"href":"https:\/\/ugelchucuito.edu.pe\/portal\/wp-json\/wp\/v2\/media?parent=9226"}],"wp:term":[{"taxonomy":"category","embeddable":true,"href":"https:\/\/ugelchucuito.edu.pe\/portal\/wp-json\/wp\/v2\/categories?post=9226"},{"taxonomy":"post_tag","embeddable":true,"href":"https:\/\/ugelchucuito.edu.pe\/portal\/wp-json\/wp\/v2\/tags?post=9226"}],"curies":[{"name":"wp","href":"https:\/\/api.w.org\/{rel}","templated":true}]}}