{"id":9260,"date":"2020-02-19T19:03:24","date_gmt":"2020-02-20T00:03:24","guid":{"rendered":"http:\/\/ugelchucuito.edu.pe\/portal\/?p=9260"},"modified":"2020-02-19T19:03:24","modified_gmt":"2020-02-20T00:03:24","slug":"resultados-preliminares-evaluacion-de-hoja-de-vida-convocatoria-cas-sede-2020-especialistas-para-el-fortalecimiento-de-gestion-administrativa-e-institucional-segun-r-vm-n-030-2020-minedu","status":"publish","type":"post","link":"https:\/\/ugelchucuito.edu.pe\/portal\/2020\/02\/19\/resultados-preliminares-evaluacion-de-hoja-de-vida-convocatoria-cas-sede-2020-especialistas-para-el-fortalecimiento-de-gestion-administrativa-e-institucional-segun-r-vm-n-030-2020-minedu\/","title":{"rendered":"RESULTADOS PRELIMINARES EVALUACI\u00d3N DE HOJA DE VIDA &#8211; CONVOCATORIA CAS SEDE 2020. ESPECIALISTAS PARA EL FORTALECIMIENTO DE GESTI\u00d3N ADMINISTRATIVA E INSTITUCIONAL. SEG\u00daN R.VM. N\u00b0 030-2020-MINEDU"},"content":{"rendered":"<p><span style=\"color: #0000ff;font-size: 20px\"><strong><a style=\"color: #0000ff\" href=\"http:\/\/ugelchucuito.edu.pe\/portal\/wp-content\/uploads\/2020\/02\/RES_PRELIM_CAS_2020_ESPECIALISTAS_SEDE.pdf\" target=\"_blank\" rel=\"noopener noreferrer\">VER RESULTADOS<\/a><\/strong><\/span><\/p>\n<p><span style=\"color: #800000;font-size: 20px\"><strong>NOTA: LA PRESENTACI\u00d3N Y ABSOLUCI\u00d3N DE RECLAMOS SE REALIZAR\u00c1 CON FUT EN FORMA DIRECTA HASTA LAS 12:00 HORAS DEL MEDIO D\u00cdA DEL 20-02-2020.<\/strong><\/span><\/p>\n","protected":false},"excerpt":{"rendered":"<p>VER RESULTADOS NOTA: LA PRESENTACI\u00d3N Y ABSOLUCI\u00d3N DE RECLAMOS SE REALIZAR\u00c1 CON FUT EN FORMA DIRECTA HASTA LAS 12:00 HORAS DEL MEDIO D\u00cdA DEL 20-02-2020.<\/p>\n","protected":false},"author":3,"featured_media":0,"comment_status":"open","ping_status":"open","sticky":false,"template":"","format":"standard","meta":{"footnotes":""},"categories":[],"tags":[],"class_list":["post-9260","post","type-post","status-publish","format-standard","hentry"],"_links":{"self":[{"href":"https:\/\/ugelchucuito.edu.pe\/portal\/wp-json\/wp\/v2\/posts\/9260","targetHints":{"allow":["GET"]}}],"collection":[{"href":"https:\/\/ugelchucuito.edu.pe\/portal\/wp-json\/wp\/v2\/posts"}],"about":[{"href":"https:\/\/ugelchucuito.edu.pe\/portal\/wp-json\/wp\/v2\/types\/post"}],"author":[{"embeddable":true,"href":"https:\/\/ugelchucuito.edu.pe\/portal\/wp-json\/wp\/v2\/users\/3"}],"replies":[{"embeddable":true,"href":"https:\/\/ugelchucuito.edu.pe\/portal\/wp-json\/wp\/v2\/comments?post=9260"}],"version-history":[{"count":1,"href":"https:\/\/ugelchucuito.edu.pe\/portal\/wp-json\/wp\/v2\/posts\/9260\/revisions"}],"predecessor-version":[{"id":9262,"href":"https:\/\/ugelchucuito.edu.pe\/portal\/wp-json\/wp\/v2\/posts\/9260\/revisions\/9262"}],"wp:attachment":[{"href":"https:\/\/ugelchucuito.edu.pe\/portal\/wp-json\/wp\/v2\/media?parent=9260"}],"wp:term":[{"taxonomy":"category","embeddable":true,"href":"https:\/\/ugelchucuito.edu.pe\/portal\/wp-json\/wp\/v2\/categories?post=9260"},{"taxonomy":"post_tag","embeddable":true,"href":"https:\/\/ugelchucuito.edu.pe\/portal\/wp-json\/wp\/v2\/tags?post=9260"}],"curies":[{"name":"wp","href":"https:\/\/api.w.org\/{rel}","templated":true}]}}