{"id":9278,"date":"2020-02-20T17:18:49","date_gmt":"2020-02-20T22:18:49","guid":{"rendered":"http:\/\/ugelchucuito.edu.pe\/portal\/?p=9278"},"modified":"2020-02-26T16:26:56","modified_gmt":"2020-02-26T21:26:56","slug":"area-de-gestion-pedagogica-junto-a-lideres-pedagogicos","status":"publish","type":"post","link":"https:\/\/ugelchucuito.edu.pe\/portal\/2020\/02\/20\/area-de-gestion-pedagogica-junto-a-lideres-pedagogicos\/","title":{"rendered":"\u00c1rea de Gesti\u00f3n Pedag\u00f3gica Junto a Lideres Pedag\u00f3gicos."},"content":{"rendered":"<p><a href=\"http:\/\/ugelchucuito.edu.pe\/portal\/wp-content\/uploads\/2020\/02\/NOTA-DE-PRENSA11.pdf\">NOTA DE PRENSA11<\/a><\/p>\n","protected":false},"excerpt":{"rendered":"<p>NOTA DE PRENSA11<\/p>\n","protected":false},"author":1,"featured_media":0,"comment_status":"open","ping_status":"open","sticky":false,"template":"","format":"standard","meta":{"footnotes":""},"categories":[],"tags":[],"class_list":["post-9278","post","type-post","status-publish","format-standard","hentry"],"_links":{"self":[{"href":"https:\/\/ugelchucuito.edu.pe\/portal\/wp-json\/wp\/v2\/posts\/9278","targetHints":{"allow":["GET"]}}],"collection":[{"href":"https:\/\/ugelchucuito.edu.pe\/portal\/wp-json\/wp\/v2\/posts"}],"about":[{"href":"https:\/\/ugelchucuito.edu.pe\/portal\/wp-json\/wp\/v2\/types\/post"}],"author":[{"embeddable":true,"href":"https:\/\/ugelchucuito.edu.pe\/portal\/wp-json\/wp\/v2\/users\/1"}],"replies":[{"embeddable":true,"href":"https:\/\/ugelchucuito.edu.pe\/portal\/wp-json\/wp\/v2\/comments?post=9278"}],"version-history":[{"count":3,"href":"https:\/\/ugelchucuito.edu.pe\/portal\/wp-json\/wp\/v2\/posts\/9278\/revisions"}],"predecessor-version":[{"id":9359,"href":"https:\/\/ugelchucuito.edu.pe\/portal\/wp-json\/wp\/v2\/posts\/9278\/revisions\/9359"}],"wp:attachment":[{"href":"https:\/\/ugelchucuito.edu.pe\/portal\/wp-json\/wp\/v2\/media?parent=9278"}],"wp:term":[{"taxonomy":"category","embeddable":true,"href":"https:\/\/ugelchucuito.edu.pe\/portal\/wp-json\/wp\/v2\/categories?post=9278"},{"taxonomy":"post_tag","embeddable":true,"href":"https:\/\/ugelchucuito.edu.pe\/portal\/wp-json\/wp\/v2\/tags?post=9278"}],"curies":[{"name":"wp","href":"https:\/\/api.w.org\/{rel}","templated":true}]}}