{"id":9289,"date":"2020-02-21T17:18:57","date_gmt":"2020-02-21T22:18:57","guid":{"rendered":"http:\/\/ugelchucuito.edu.pe\/portal\/?p=9289"},"modified":"2020-02-21T17:27:35","modified_gmt":"2020-02-21T22:27:35","slug":"resultados-finales-convocatoria-cas-sede-2020-especialistas-para-el-fortalecimiento-de-gestion-administrativa-e-institucional-segun-r-vm-n-030-2020-minedu","status":"publish","type":"post","link":"https:\/\/ugelchucuito.edu.pe\/portal\/2020\/02\/21\/resultados-finales-convocatoria-cas-sede-2020-especialistas-para-el-fortalecimiento-de-gestion-administrativa-e-institucional-segun-r-vm-n-030-2020-minedu\/","title":{"rendered":"RESULTADOS FINALES \u2013 CONVOCATORIA CAS SEDE 2020. ESPECIALISTAS PARA EL FORTALECIMIENTO DE GESTI\u00d3N ADMINISTRATIVA E INSTITUCIONAL. SEG\u00daN R.VM. N\u00b0 030-2020-MINEDU"},"content":{"rendered":"<p><span style=\"color: #0000ff;font-size: 20px\"><strong><a style=\"color: #0000ff\" href=\"http:\/\/ugelchucuito.edu.pe\/portal\/wp-content\/uploads\/2020\/02\/RESULTADOS_FINALES_CAS_2020_ESPECIALISTAS_SEDE.pdf\" target=\"_blank\" rel=\"noopener noreferrer\">VER RESULTADOS<\/a><\/strong><\/span><\/p>\n<p><span style=\"color: #800000;font-size: 20px\"><strong>NOTA: LA ADJUDICACI\u00d3N DE PLAZAS SE REALIZAR\u00c1 DE ACUERDO AL RANKING Y SEG\u00daN CRONOGRAMA EL D\u00cdA LUNES 24-02-2020 A HORAS 08:30 A.M. EN LAS INSTALACIONES DE LA SEDE ADMINISTRATIVA DE LA UGEL CHUCUITO JULI.<\/strong><\/span><\/p>\n","protected":false},"excerpt":{"rendered":"<p>VER RESULTADOS NOTA: LA ADJUDICACI\u00d3N DE PLAZAS SE REALIZAR\u00c1 DE ACUERDO AL RANKING Y SEG\u00daN CRONOGRAMA EL D\u00cdA LUNES 24-02-2020 A HORAS 08:30 A.M. EN LAS INSTALACIONES DE LA SEDE ADMINISTRATIVA DE LA UGEL CHUCUITO JULI.<\/p>\n","protected":false},"author":3,"featured_media":0,"comment_status":"open","ping_status":"open","sticky":false,"template":"","format":"standard","meta":{"footnotes":""},"categories":[],"tags":[],"class_list":["post-9289","post","type-post","status-publish","format-standard","hentry"],"_links":{"self":[{"href":"https:\/\/ugelchucuito.edu.pe\/portal\/wp-json\/wp\/v2\/posts\/9289","targetHints":{"allow":["GET"]}}],"collection":[{"href":"https:\/\/ugelchucuito.edu.pe\/portal\/wp-json\/wp\/v2\/posts"}],"about":[{"href":"https:\/\/ugelchucuito.edu.pe\/portal\/wp-json\/wp\/v2\/types\/post"}],"author":[{"embeddable":true,"href":"https:\/\/ugelchucuito.edu.pe\/portal\/wp-json\/wp\/v2\/users\/3"}],"replies":[{"embeddable":true,"href":"https:\/\/ugelchucuito.edu.pe\/portal\/wp-json\/wp\/v2\/comments?post=9289"}],"version-history":[{"count":1,"href":"https:\/\/ugelchucuito.edu.pe\/portal\/wp-json\/wp\/v2\/posts\/9289\/revisions"}],"predecessor-version":[{"id":9291,"href":"https:\/\/ugelchucuito.edu.pe\/portal\/wp-json\/wp\/v2\/posts\/9289\/revisions\/9291"}],"wp:attachment":[{"href":"https:\/\/ugelchucuito.edu.pe\/portal\/wp-json\/wp\/v2\/media?parent=9289"}],"wp:term":[{"taxonomy":"category","embeddable":true,"href":"https:\/\/ugelchucuito.edu.pe\/portal\/wp-json\/wp\/v2\/categories?post=9289"},{"taxonomy":"post_tag","embeddable":true,"href":"https:\/\/ugelchucuito.edu.pe\/portal\/wp-json\/wp\/v2\/tags?post=9289"}],"curies":[{"name":"wp","href":"https:\/\/api.w.org\/{rel}","templated":true}]}}