{"id":9308,"date":"2020-02-23T22:39:10","date_gmt":"2020-02-24T03:39:10","guid":{"rendered":"http:\/\/ugelchucuito.edu.pe\/portal\/?p=9308"},"modified":"2020-02-23T22:39:10","modified_gmt":"2020-02-24T03:39:10","slug":"listado-de-ii-ee-y-pronoei-omisos-al-censo-educativo-del-ejercicio-de-resultado-2019-subsanar-urgente","status":"publish","type":"post","link":"https:\/\/ugelchucuito.edu.pe\/portal\/2020\/02\/23\/listado-de-ii-ee-y-pronoei-omisos-al-censo-educativo-del-ejercicio-de-resultado-2019-subsanar-urgente\/","title":{"rendered":"LISTADO DE II.EE. Y PRONOEI OMISOS AL CENSO EDUCATIVO DEL EJERCICIO DE RESULTADO 2019 &#8211; SUBSANAR URGENTE"},"content":{"rendered":"<p style=\"text-align: center\"><strong><span style=\"color: #ff0000\">SE COMUNICA A LOS SE\u00d1ORES DIRECTORES DE LAS II.EE. Y DOCENTES COORDINADORAS, QUE SE ENCUENTRAN OMISOS AL CENSO EDUCATIVO DEL EJERCICIO DE RESULTADO 2019, QUE CON CAR\u00c1CTER URGENTE DEBER\u00c1N SUBSANAR LA INFORMACI\u00d3N DEL CENSO HASTA EL D\u00cdA MARTES 25 DE FEBRERO DEL 2020.<\/span><\/strong><\/p>\n<p><a href=\"http:\/\/ugelchucuito.edu.pe\/portal\/wp-content\/uploads\/2020\/02\/Omisos-al-Censo-del-Resultado-de-Ejercicio-2019-23-02-2020.pdf\" target=\"_blank\" rel=\"noopener noreferrer\"><strong><span style=\"color: #0000ff\">VER: Omisos al Censo del Resultado de Ejercicio 2019<\/span><\/strong><\/a><\/p>\n","protected":false},"excerpt":{"rendered":"<p>SE COMUNICA A LOS SE\u00d1ORES DIRECTORES DE LAS II.EE. Y DOCENTES COORDINADORAS, QUE SE ENCUENTRAN OMISOS AL CENSO EDUCATIVO DEL EJERCICIO DE RESULTADO 2019, QUE CON CAR\u00c1CTER URGENTE DEBER\u00c1N SUBSANAR LA INFORMACI\u00d3N DEL CENSO HASTA EL D\u00cdA MARTES 25 DE FEBRERO DEL 2020. VER: Omisos al Censo del Resultado de Ejercicio 2019<\/p>\n","protected":false},"author":11,"featured_media":0,"comment_status":"open","ping_status":"open","sticky":false,"template":"","format":"standard","meta":{"footnotes":""},"categories":[],"tags":[],"class_list":["post-9308","post","type-post","status-publish","format-standard","hentry"],"_links":{"self":[{"href":"https:\/\/ugelchucuito.edu.pe\/portal\/wp-json\/wp\/v2\/posts\/9308","targetHints":{"allow":["GET"]}}],"collection":[{"href":"https:\/\/ugelchucuito.edu.pe\/portal\/wp-json\/wp\/v2\/posts"}],"about":[{"href":"https:\/\/ugelchucuito.edu.pe\/portal\/wp-json\/wp\/v2\/types\/post"}],"author":[{"embeddable":true,"href":"https:\/\/ugelchucuito.edu.pe\/portal\/wp-json\/wp\/v2\/users\/11"}],"replies":[{"embeddable":true,"href":"https:\/\/ugelchucuito.edu.pe\/portal\/wp-json\/wp\/v2\/comments?post=9308"}],"version-history":[{"count":1,"href":"https:\/\/ugelchucuito.edu.pe\/portal\/wp-json\/wp\/v2\/posts\/9308\/revisions"}],"predecessor-version":[{"id":9310,"href":"https:\/\/ugelchucuito.edu.pe\/portal\/wp-json\/wp\/v2\/posts\/9308\/revisions\/9310"}],"wp:attachment":[{"href":"https:\/\/ugelchucuito.edu.pe\/portal\/wp-json\/wp\/v2\/media?parent=9308"}],"wp:term":[{"taxonomy":"category","embeddable":true,"href":"https:\/\/ugelchucuito.edu.pe\/portal\/wp-json\/wp\/v2\/categories?post=9308"},{"taxonomy":"post_tag","embeddable":true,"href":"https:\/\/ugelchucuito.edu.pe\/portal\/wp-json\/wp\/v2\/tags?post=9308"}],"curies":[{"name":"wp","href":"https:\/\/api.w.org\/{rel}","templated":true}]}}