{"id":9433,"date":"2020-02-28T17:25:29","date_gmt":"2020-02-28T22:25:29","guid":{"rendered":"http:\/\/ugelchucuito.edu.pe\/portal\/?p=9433"},"modified":"2020-03-03T09:35:23","modified_gmt":"2020-03-03T14:35:23","slug":"taller-de-capacitacion-de-actualizacion-de-documentos-de-gestion-para-directores-biae-2020","status":"publish","type":"post","link":"https:\/\/ugelchucuito.edu.pe\/portal\/2020\/02\/28\/taller-de-capacitacion-de-actualizacion-de-documentos-de-gestion-para-directores-biae-2020\/","title":{"rendered":"TALLER DE CAPACITACI\u00d3N DE ACTUALIZACI\u00d3N DE DOCUMENTOS DE GESTI\u00d3N PARA DIRECTORES &#8211; BIAE 2020"},"content":{"rendered":"<p style=\"text-align: center\"><strong><span style=\"color: #ff0000\">SE COMUNICA A LOS SE\u00d1ORES DIRECTORES DEL NIVEL INICIAL, PRIMARIA, SECUNDARIA, CEBA Y CETPRO, QUE DEBER\u00c1N ASISTIR AL TALLER DE CAPACITACI\u00d3N BAJO RESPONSABILIDAD FUNCIONAL, A LA HORA EXACTA.<\/span><\/strong><\/p>\n<p><a href=\"http:\/\/ugelchucuito.edu.pe\/portal\/wp-content\/uploads\/2020\/02\/OFIC-MULT-003-2020_Taller-Dir.pdf\">VER OFICIO DE CONVOCATORIA DEL TALLER DE CAPACITACI\u00d3N<\/a><\/p>\n","protected":false},"excerpt":{"rendered":"<p>SE COMUNICA A LOS SE\u00d1ORES DIRECTORES DEL NIVEL INICIAL, PRIMARIA, SECUNDARIA, CEBA Y CETPRO, QUE DEBER\u00c1N ASISTIR AL TALLER DE CAPACITACI\u00d3N BAJO RESPONSABILIDAD FUNCIONAL, A LA HORA EXACTA. VER OFICIO DE CONVOCATORIA DEL TALLER DE CAPACITACI\u00d3N<\/p>\n","protected":false},"author":11,"featured_media":0,"comment_status":"open","ping_status":"open","sticky":false,"template":"","format":"standard","meta":{"footnotes":""},"categories":[],"tags":[],"class_list":["post-9433","post","type-post","status-publish","format-standard","hentry"],"_links":{"self":[{"href":"https:\/\/ugelchucuito.edu.pe\/portal\/wp-json\/wp\/v2\/posts\/9433","targetHints":{"allow":["GET"]}}],"collection":[{"href":"https:\/\/ugelchucuito.edu.pe\/portal\/wp-json\/wp\/v2\/posts"}],"about":[{"href":"https:\/\/ugelchucuito.edu.pe\/portal\/wp-json\/wp\/v2\/types\/post"}],"author":[{"embeddable":true,"href":"https:\/\/ugelchucuito.edu.pe\/portal\/wp-json\/wp\/v2\/users\/11"}],"replies":[{"embeddable":true,"href":"https:\/\/ugelchucuito.edu.pe\/portal\/wp-json\/wp\/v2\/comments?post=9433"}],"version-history":[{"count":3,"href":"https:\/\/ugelchucuito.edu.pe\/portal\/wp-json\/wp\/v2\/posts\/9433\/revisions"}],"predecessor-version":[{"id":9475,"href":"https:\/\/ugelchucuito.edu.pe\/portal\/wp-json\/wp\/v2\/posts\/9433\/revisions\/9475"}],"wp:attachment":[{"href":"https:\/\/ugelchucuito.edu.pe\/portal\/wp-json\/wp\/v2\/media?parent=9433"}],"wp:term":[{"taxonomy":"category","embeddable":true,"href":"https:\/\/ugelchucuito.edu.pe\/portal\/wp-json\/wp\/v2\/categories?post=9433"},{"taxonomy":"post_tag","embeddable":true,"href":"https:\/\/ugelchucuito.edu.pe\/portal\/wp-json\/wp\/v2\/tags?post=9433"}],"curies":[{"name":"wp","href":"https:\/\/api.w.org\/{rel}","templated":true}]}}