{"id":9517,"date":"2020-03-06T11:19:14","date_gmt":"2020-03-06T16:19:14","guid":{"rendered":"http:\/\/ugelchucuito.edu.pe\/portal\/?p=9517"},"modified":"2020-03-06T11:19:44","modified_gmt":"2020-03-06T16:19:44","slug":"comunicado-urgente-subsanar-omisos-al-censo-educativo-de-ejercicio-del-resultado-2019","status":"publish","type":"post","link":"https:\/\/ugelchucuito.edu.pe\/portal\/2020\/03\/06\/comunicado-urgente-subsanar-omisos-al-censo-educativo-de-ejercicio-del-resultado-2019\/","title":{"rendered":"COMUNICADO URGENTE: SUBSANAR OMISOS AL CENSO EDUCATIVO DE EJERCICIO DEL RESULTADO 2019"},"content":{"rendered":"<p style=\"text-align: center\"><span style=\"color: #ff0000\"><strong>SE COMUNICA A LOS SE\u00d1ORES DIRECTORES DE LAS II.EE. OMISOS AL CENSO EDUCATIVO DE EJERCICIO DEL RESULTADO 2019, QUE DEBER\u00c1N SUBSANAR LA INFORMACI\u00d3N EN EL SISTEMA ESCALE, AL T\u00c9RMINO DE LA DISTANCIA.<\/strong><\/span><\/p>\n<p><a href=\"http:\/\/ugelchucuito.edu.pe\/portal\/wp-content\/uploads\/2020\/03\/LISTADO-OMISOS-AL-CENSO-DEL-RESULTADO-DE-EJERCICIO-2019.pdf\" target=\"_blank\" rel=\"noopener noreferrer\">VER LISTADO OMISOS AL CENSO DEL RESULTADO DE EJERCICIO 2019<\/a><\/p>\n","protected":false},"excerpt":{"rendered":"<p>SE COMUNICA A LOS SE\u00d1ORES DIRECTORES DE LAS II.EE. OMISOS AL CENSO EDUCATIVO DE EJERCICIO DEL RESULTADO 2019, QUE DEBER\u00c1N SUBSANAR LA INFORMACI\u00d3N EN EL SISTEMA ESCALE, AL T\u00c9RMINO DE LA DISTANCIA. VER LISTADO OMISOS AL CENSO DEL RESULTADO DE EJERCICIO 2019<\/p>\n","protected":false},"author":11,"featured_media":0,"comment_status":"open","ping_status":"open","sticky":false,"template":"","format":"standard","meta":{"footnotes":""},"categories":[],"tags":[],"class_list":["post-9517","post","type-post","status-publish","format-standard","hentry"],"_links":{"self":[{"href":"https:\/\/ugelchucuito.edu.pe\/portal\/wp-json\/wp\/v2\/posts\/9517","targetHints":{"allow":["GET"]}}],"collection":[{"href":"https:\/\/ugelchucuito.edu.pe\/portal\/wp-json\/wp\/v2\/posts"}],"about":[{"href":"https:\/\/ugelchucuito.edu.pe\/portal\/wp-json\/wp\/v2\/types\/post"}],"author":[{"embeddable":true,"href":"https:\/\/ugelchucuito.edu.pe\/portal\/wp-json\/wp\/v2\/users\/11"}],"replies":[{"embeddable":true,"href":"https:\/\/ugelchucuito.edu.pe\/portal\/wp-json\/wp\/v2\/comments?post=9517"}],"version-history":[{"count":2,"href":"https:\/\/ugelchucuito.edu.pe\/portal\/wp-json\/wp\/v2\/posts\/9517\/revisions"}],"predecessor-version":[{"id":9523,"href":"https:\/\/ugelchucuito.edu.pe\/portal\/wp-json\/wp\/v2\/posts\/9517\/revisions\/9523"}],"wp:attachment":[{"href":"https:\/\/ugelchucuito.edu.pe\/portal\/wp-json\/wp\/v2\/media?parent=9517"}],"wp:term":[{"taxonomy":"category","embeddable":true,"href":"https:\/\/ugelchucuito.edu.pe\/portal\/wp-json\/wp\/v2\/categories?post=9517"},{"taxonomy":"post_tag","embeddable":true,"href":"https:\/\/ugelchucuito.edu.pe\/portal\/wp-json\/wp\/v2\/tags?post=9517"}],"curies":[{"name":"wp","href":"https:\/\/api.w.org\/{rel}","templated":true}]}}