{"id":9589,"date":"2020-03-10T16:55:50","date_gmt":"2020-03-10T21:55:50","guid":{"rendered":"http:\/\/ugelchucuito.edu.pe\/portal\/?p=9589"},"modified":"2020-03-10T16:57:45","modified_gmt":"2020-03-10T21:57:45","slug":"resultados-finales-comunicado-n-12-encargatura-de-plazas-vacantes-de-cargos-directivos-2020-etapa-i-seleccion-regular","status":"publish","type":"post","link":"https:\/\/ugelchucuito.edu.pe\/portal\/2020\/03\/10\/resultados-finales-comunicado-n-12-encargatura-de-plazas-vacantes-de-cargos-directivos-2020-etapa-i-seleccion-regular\/","title":{"rendered":"RESULTADOS FINALES \u2013 COMUNICADO N\u00b0 12. ENCARGATURA DE PLAZAS VACANTES DE CARGOS DIRECTIVOS 2020. ETAPA I \u2013 SELECCI\u00d3N REGULAR."},"content":{"rendered":"<h2 style=\"text-align: center\"><span style=\"color: #0000ff;font-size: 26px\"><a style=\"color: #0000ff\" href=\"http:\/\/ugelchucuito.edu.pe\/portal\/wp-content\/uploads\/2020\/03\/RESULTADOS-FINALES-ENCARGOS-DIRECTIVOS-DE-IE-ETAPA-I-SELECCION-REGULAR.pdf\" target=\"_blank\" rel=\"noopener noreferrer\">VER RESULTADOS<\/a><\/span><\/h2>\n<h4><span style=\"color: #993300\">NOTA: LA ADJUDICACI\u00d3N SE LLEVAR\u00c1 A CABO EL D\u00cdA MI\u00c9RCOLES 11 DE MARZO DEL 2020 A LAS 08:30 HORAS (HORA EXACTA) EN LA SEDE ADMINISTRATIVA DE LA UGEL CHUCUITO \u2013 JULI.<\/span><\/h4>\n","protected":false},"excerpt":{"rendered":"<p>VER RESULTADOS NOTA: LA ADJUDICACI\u00d3N SE LLEVAR\u00c1 A CABO EL D\u00cdA MI\u00c9RCOLES 11 DE MARZO DEL 2020 A LAS 08:30 HORAS (HORA EXACTA) EN LA SEDE ADMINISTRATIVA DE LA UGEL CHUCUITO \u2013 JULI.<\/p>\n","protected":false},"author":1,"featured_media":0,"comment_status":"open","ping_status":"open","sticky":false,"template":"","format":"standard","meta":{"footnotes":""},"categories":[],"tags":[],"class_list":["post-9589","post","type-post","status-publish","format-standard","hentry"],"_links":{"self":[{"href":"https:\/\/ugelchucuito.edu.pe\/portal\/wp-json\/wp\/v2\/posts\/9589","targetHints":{"allow":["GET"]}}],"collection":[{"href":"https:\/\/ugelchucuito.edu.pe\/portal\/wp-json\/wp\/v2\/posts"}],"about":[{"href":"https:\/\/ugelchucuito.edu.pe\/portal\/wp-json\/wp\/v2\/types\/post"}],"author":[{"embeddable":true,"href":"https:\/\/ugelchucuito.edu.pe\/portal\/wp-json\/wp\/v2\/users\/1"}],"replies":[{"embeddable":true,"href":"https:\/\/ugelchucuito.edu.pe\/portal\/wp-json\/wp\/v2\/comments?post=9589"}],"version-history":[{"count":3,"href":"https:\/\/ugelchucuito.edu.pe\/portal\/wp-json\/wp\/v2\/posts\/9589\/revisions"}],"predecessor-version":[{"id":9598,"href":"https:\/\/ugelchucuito.edu.pe\/portal\/wp-json\/wp\/v2\/posts\/9589\/revisions\/9598"}],"wp:attachment":[{"href":"https:\/\/ugelchucuito.edu.pe\/portal\/wp-json\/wp\/v2\/media?parent=9589"}],"wp:term":[{"taxonomy":"category","embeddable":true,"href":"https:\/\/ugelchucuito.edu.pe\/portal\/wp-json\/wp\/v2\/categories?post=9589"},{"taxonomy":"post_tag","embeddable":true,"href":"https:\/\/ugelchucuito.edu.pe\/portal\/wp-json\/wp\/v2\/tags?post=9589"}],"curies":[{"name":"wp","href":"https:\/\/api.w.org\/{rel}","templated":true}]}}