{"id":9612,"date":"2020-03-11T12:25:22","date_gmt":"2020-03-11T17:25:22","guid":{"rendered":"http:\/\/ugelchucuito.edu.pe\/portal\/?p=9612"},"modified":"2020-03-11T12:27:47","modified_gmt":"2020-03-11T17:27:47","slug":"resultados-finales-convocatoria-contrato-administrativo-de-servicios-cas-sede-ugel-chucuito-2020-iii-secretarias-para-las-areas-de-agi-y-agp","status":"publish","type":"post","link":"https:\/\/ugelchucuito.edu.pe\/portal\/2020\/03\/11\/resultados-finales-convocatoria-contrato-administrativo-de-servicios-cas-sede-ugel-chucuito-2020-iii-secretarias-para-las-areas-de-agi-y-agp\/","title":{"rendered":"RESULTADOS FINALES &#8211; CONVOCATORIA: CONTRATO ADMINISTRATIVO DE SERVICIOS (CAS \u2013 SEDE UGEL CHUCUITO 2020-III) \u2013 SECRETARIAS PARA LAS \u00c1REAS DE AGI Y AGP."},"content":{"rendered":"<p><span style=\"color: #0000ff;font-size: 20px\"><strong><a style=\"color: #0000ff\" href=\"http:\/\/ugelchucuito.edu.pe\/portal\/wp-content\/uploads\/2020\/03\/RESULTADO_FINAL_CONV_CAS_SEDE_2020_III_SEC_AGI.pdf\" target=\"_blank\" rel=\"noopener noreferrer\">&#8211; VER RESULTADOS FINALES &#8211; SECRETARIA DEL \u00c1REA DE GESTI\u00d3N INSTITUCIONAL<\/a><\/strong><\/span><\/p>\n<p><span style=\"color: #0000ff;font-size: 20px\"><strong><a style=\"color: #0000ff\" href=\"http:\/\/ugelchucuito.edu.pe\/portal\/wp-content\/uploads\/2020\/03\/RESULTADO_FINAL_CONV_CAS_SEDE_2020_III_SEC_AGP.pdf\" target=\"_blank\" rel=\"noopener noreferrer\">&#8211; VER RESULTADOS FINALES &#8211; SECRETARIA DEL \u00c1REA DE GESTI\u00d3N PEDAG\u00d3GICA<\/a><\/strong><\/span><\/p>\n<p><span style=\"color: #800000;font-size: 20px\"><strong>NOTA: LA ADJUDICACI\u00d3N SE REALIZAR\u00c1 EL DIA JUEVES 12-03-2020 A HORAS 9:00 A.M. EN LAS INSTACIONES DE LA SEDE ADMINISTRATIVA DE LA UGEL CHUCUITO JULI.<\/strong><\/span><\/p>\n","protected":false},"excerpt":{"rendered":"<p>&#8211; VER RESULTADOS FINALES &#8211; SECRETARIA DEL \u00c1REA DE GESTI\u00d3N INSTITUCIONAL &#8211; VER RESULTADOS FINALES &#8211; SECRETARIA DEL \u00c1REA DE GESTI\u00d3N PEDAG\u00d3GICA NOTA: LA ADJUDICACI\u00d3N SE REALIZAR\u00c1 EL DIA JUEVES 12-03-2020 A HORAS 9:00 A.M. EN LAS INSTACIONES DE LA SEDE ADMINISTRATIVA DE LA UGEL CHUCUITO JULI.<\/p>\n","protected":false},"author":3,"featured_media":0,"comment_status":"open","ping_status":"open","sticky":false,"template":"","format":"standard","meta":{"footnotes":""},"categories":[],"tags":[],"class_list":["post-9612","post","type-post","status-publish","format-standard","hentry"],"_links":{"self":[{"href":"https:\/\/ugelchucuito.edu.pe\/portal\/wp-json\/wp\/v2\/posts\/9612","targetHints":{"allow":["GET"]}}],"collection":[{"href":"https:\/\/ugelchucuito.edu.pe\/portal\/wp-json\/wp\/v2\/posts"}],"about":[{"href":"https:\/\/ugelchucuito.edu.pe\/portal\/wp-json\/wp\/v2\/types\/post"}],"author":[{"embeddable":true,"href":"https:\/\/ugelchucuito.edu.pe\/portal\/wp-json\/wp\/v2\/users\/3"}],"replies":[{"embeddable":true,"href":"https:\/\/ugelchucuito.edu.pe\/portal\/wp-json\/wp\/v2\/comments?post=9612"}],"version-history":[{"count":3,"href":"https:\/\/ugelchucuito.edu.pe\/portal\/wp-json\/wp\/v2\/posts\/9612\/revisions"}],"predecessor-version":[{"id":9617,"href":"https:\/\/ugelchucuito.edu.pe\/portal\/wp-json\/wp\/v2\/posts\/9612\/revisions\/9617"}],"wp:attachment":[{"href":"https:\/\/ugelchucuito.edu.pe\/portal\/wp-json\/wp\/v2\/media?parent=9612"}],"wp:term":[{"taxonomy":"category","embeddable":true,"href":"https:\/\/ugelchucuito.edu.pe\/portal\/wp-json\/wp\/v2\/categories?post=9612"},{"taxonomy":"post_tag","embeddable":true,"href":"https:\/\/ugelchucuito.edu.pe\/portal\/wp-json\/wp\/v2\/tags?post=9612"}],"curies":[{"name":"wp","href":"https:\/\/api.w.org\/{rel}","templated":true}]}}