{"id":9641,"date":"2020-03-12T15:33:04","date_gmt":"2020-03-12T20:33:04","guid":{"rendered":"http:\/\/ugelchucuito.edu.pe\/portal\/?p=9641"},"modified":"2020-03-12T15:34:16","modified_gmt":"2020-03-12T20:34:16","slug":"siagie-2020-agregar-y-configurar-ano-escolar","status":"publish","type":"post","link":"https:\/\/ugelchucuito.edu.pe\/portal\/2020\/03\/12\/siagie-2020-agregar-y-configurar-ano-escolar\/","title":{"rendered":"SIAGIE 2020 &#8211; AGREGAR Y CONFIGURAR A\u00d1O ESCOLAR"},"content":{"rendered":"<h3>Como parte del proceso de <span style=\"color: #ff0000;\">matr\u00edcula oportuna<\/span>, se pone\u00a0 disposici\u00f3n los siguientes videotutoriales para <span style=\"color: #ff0000;\">AGREGAR Y CONFIGURAR A\u00d1O ESCOLAR<\/span>:<\/h3>\n<h3><span style=\"color: #ffffff;\">.<\/span><\/h3>\n<h3><span style=\"color: #ff0000;\">AGREGAR Y CONFIGURAR A\u00d1O ESCOLAR (Primera parte)<\/span><\/h3>\n<p>&#8211; \u00bfQu\u00e9 necesitamos?<br \/>\n&#8211; Verificar que este cerrado las fases y a\u00f1o escolar anterior.<\/p>\n<p><iframe loading=\"lazy\" title=\"SIAGIE 2020 - Agregar y configurar a\u00f1o escolar (1\/7)\" width=\"500\" height=\"281\" src=\"https:\/\/www.youtube.com\/embed\/6Khkd7r0jyo?feature=oembed\" frameborder=\"0\" allow=\"accelerometer; autoplay; clipboard-write; encrypted-media; gyroscope; picture-in-picture; web-share\" referrerpolicy=\"strict-origin-when-cross-origin\" allowfullscreen><\/iframe><\/p>\n<p><span style=\"color: #ffffff;\">.<\/span><\/p>\n<h3><span style=\"color: #ff0000;\">AGREGAR Y CONFIGURAR A\u00d1O ESCOLAR (Segunda parte)<\/span><\/h3>\n<p>1.1 Agregar A\u00f1o Escolar<br \/>\n1.2 Activar A\u00f1o Escolar<\/p>\n<p><iframe loading=\"lazy\" title=\"SIAGIE 2020 - Agregar y configurar a\u00f1o escolar (2\/7)\" width=\"500\" height=\"281\" src=\"https:\/\/www.youtube.com\/embed\/AEPJ3PLr59k?feature=oembed\" frameborder=\"0\" allow=\"accelerometer; autoplay; clipboard-write; encrypted-media; gyroscope; picture-in-picture; web-share\" referrerpolicy=\"strict-origin-when-cross-origin\" allowfullscreen><\/iframe><\/p>\n<p><span style=\"color: #ffffff;\">.<\/span><\/p>\n<h3><span style=\"color: #ff0000;\">AGREGAR Y CONFIGURAR A\u00d1O ESCOLAR (Tercera parte)<\/span><\/h3>\n<p>1.3 Agregar Fase Regular<br \/>\n1.4 Agregar Fase de Recuperaci\u00f3n (s\u00f3lo primaria y secundaria)<br \/>\n1.5 Activar Fase Regular<br \/>\n1.6 Agregar Periodos de Evaluaci\u00f3n<\/p>\n<p><iframe loading=\"lazy\" title=\"SIAGIE 2020 - Agregar y configurar a\u00f1o escolar (3\/7)\" width=\"500\" height=\"281\" src=\"https:\/\/www.youtube.com\/embed\/dMpkO3nmI2c?feature=oembed\" frameborder=\"0\" allow=\"accelerometer; autoplay; clipboard-write; encrypted-media; gyroscope; picture-in-picture; web-share\" referrerpolicy=\"strict-origin-when-cross-origin\" allowfullscreen><\/iframe><\/p>\n<p><span style=\"color: #ffffff;\">.<\/span><\/p>\n<h3><span style=\"color: #ff0000;\">AGREGAR Y CONFIGURAR A\u00d1O ESCOLAR (Cuarta parte)<\/span><\/h3>\n<p>1.7 Registrar Personal Nuevo (si el docente trabaja por primera vez)<br \/>\n1.8 Asignar Personal a nuestra IE<\/p>\n<p><iframe loading=\"lazy\" title=\"SIAGIE 2020 - Agregar y configurar a\u00f1o escolar (4\/7)\" width=\"500\" height=\"281\" src=\"https:\/\/www.youtube.com\/embed\/TQWy6FMQREo?feature=oembed\" frameborder=\"0\" allow=\"accelerometer; autoplay; clipboard-write; encrypted-media; gyroscope; picture-in-picture; web-share\" referrerpolicy=\"strict-origin-when-cross-origin\" allowfullscreen><\/iframe><\/p>\n<p><span style=\"color: #ffffff;\">.<\/span><\/p>\n<h3><span style=\"color: #ff0000;\">AGREGAR Y CONFIGURAR A\u00d1O ESCOLAR (Quinta parte)<\/span><\/h3>\n<p>1.9 Agregar Grados<br \/>\n1.10 Agregar Secciones<\/p>\n<p><iframe loading=\"lazy\" title=\"SIAGIE 2020 - Agregar y configurar a\u00f1o escolar (5\/7)\" width=\"500\" height=\"281\" src=\"https:\/\/www.youtube.com\/embed\/DPggr5cfypg?feature=oembed\" frameborder=\"0\" allow=\"accelerometer; autoplay; clipboard-write; encrypted-media; gyroscope; picture-in-picture; web-share\" referrerpolicy=\"strict-origin-when-cross-origin\" allowfullscreen><\/iframe><\/p>\n<p><span style=\"color: #ffffff;\">.<\/span><\/p>\n","protected":false},"excerpt":{"rendered":"<p>Como parte del proceso de matr\u00edcula oportuna, se pone\u00a0 disposici\u00f3n los siguientes videotutoriales para AGREGAR Y CONFIGURAR A\u00d1O ESCOLAR: . AGREGAR Y CONFIGURAR A\u00d1O ESCOLAR (Primera parte) &#8211; \u00bfQu\u00e9 necesitamos? &#8211; Verificar que este cerrado las fases y a\u00f1o escolar anterior. . AGREGAR Y CONFIGURAR A\u00d1O ESCOLAR (Segunda parte) 1.1 Agregar A\u00f1o Escolar 1.2 Activar [&hellip;]<\/p>\n","protected":false},"author":1,"featured_media":0,"comment_status":"open","ping_status":"open","sticky":false,"template":"","format":"standard","meta":{"footnotes":""},"categories":[],"tags":[],"class_list":["post-9641","post","type-post","status-publish","format-standard","hentry"],"_links":{"self":[{"href":"https:\/\/ugelchucuito.edu.pe\/portal\/wp-json\/wp\/v2\/posts\/9641","targetHints":{"allow":["GET"]}}],"collection":[{"href":"https:\/\/ugelchucuito.edu.pe\/portal\/wp-json\/wp\/v2\/posts"}],"about":[{"href":"https:\/\/ugelchucuito.edu.pe\/portal\/wp-json\/wp\/v2\/types\/post"}],"author":[{"embeddable":true,"href":"https:\/\/ugelchucuito.edu.pe\/portal\/wp-json\/wp\/v2\/users\/1"}],"replies":[{"embeddable":true,"href":"https:\/\/ugelchucuito.edu.pe\/portal\/wp-json\/wp\/v2\/comments?post=9641"}],"version-history":[{"count":3,"href":"https:\/\/ugelchucuito.edu.pe\/portal\/wp-json\/wp\/v2\/posts\/9641\/revisions"}],"predecessor-version":[{"id":9644,"href":"https:\/\/ugelchucuito.edu.pe\/portal\/wp-json\/wp\/v2\/posts\/9641\/revisions\/9644"}],"wp:attachment":[{"href":"https:\/\/ugelchucuito.edu.pe\/portal\/wp-json\/wp\/v2\/media?parent=9641"}],"wp:term":[{"taxonomy":"category","embeddable":true,"href":"https:\/\/ugelchucuito.edu.pe\/portal\/wp-json\/wp\/v2\/categories?post=9641"},{"taxonomy":"post_tag","embeddable":true,"href":"https:\/\/ugelchucuito.edu.pe\/portal\/wp-json\/wp\/v2\/tags?post=9641"}],"curies":[{"name":"wp","href":"https:\/\/api.w.org\/{rel}","templated":true}]}}