{"id":9695,"date":"2020-03-17T22:54:50","date_gmt":"2020-03-18T03:54:50","guid":{"rendered":"http:\/\/ugelchucuito.edu.pe\/portal\/?p=9695"},"modified":"2020-03-17T22:54:50","modified_gmt":"2020-03-18T03:54:50","slug":"minedu-ofrece-curso-virtual-para-actuar-frente-al-coronavirus-en-instituciones-educativas","status":"publish","type":"post","link":"https:\/\/ugelchucuito.edu.pe\/portal\/2020\/03\/17\/minedu-ofrece-curso-virtual-para-actuar-frente-al-coronavirus-en-instituciones-educativas\/","title":{"rendered":"Minedu ofrece curso virtual para actuar frente al coronavirus en instituciones educativas"},"content":{"rendered":"<p style=\"text-align: justify;background: white\"><span style=\"font-family: verdana, geneva;font-size: 12px\"><i><span style=\"color: #333333\">Este curso es obligatorio para docentes nombrados y contratados de la Educaci\u00f3n B\u00e1sica y Educaci\u00f3n T\u00e9cnica Productiva.<\/span><\/i><\/span><\/p>\n<p>Ante la pandemia del coronavirus en el Per\u00fa, el Ministerio de Educaci\u00f3n (Minedu), a trav\u00e9s de la Direcci\u00f3n de Formaci\u00f3n Docente en Servicio, convoca a todos los docentes del pa\u00eds a que se inscriban y participen de manera obligatoria en el curso virtual \u201cActuando frente al coronavirus &#8211; Covid-19\u201d.<\/p>\n<p>Este curso virtual MOOC (Massive Online Open Courses) tiene como prop\u00f3sito fortalecer en el docente sus conocimientos sobre el Covid-19 para que sepa identificar los s\u00edntomas, c\u00f3mo se trasmite y qui\u00e9nes est\u00e1n en riesgo y, adem\u00e1s, conozca las medidas de prevenci\u00f3n que se deben tomar ante la presencia de esta enfermedad entre sus estudiantes.<\/p>\n<p>Otro objetivo fundamental es que el docente desarrolle actividades de contenci\u00f3n emocional y de aprendizaje para que las emplee en su quehacer pedag\u00f3gico, promoviendo conductas saludables y responsables con los estudiantes, padres de familia y la comunidad.<\/p>\n<p>El curso est\u00e1 alojado en el campus virtual de Per\u00fa Educa y es totalmente gratuito. Se desarrolla en tres m\u00f3dulos y se entregar\u00e1 una constancia de participaci\u00f3n.<\/p>\n<p>La caracter\u00edstica principal del curso es la flexibilidad, de manera que el docente puede acceder a su aula virtual seg\u00fan su disponibilidad de tiempo.<\/p>\n<p>El curso cuenta con materiales audiovisuales interactivos y los participantes pueden descargarlos en formato digital desde sus propios equipos m\u00f3viles u ordenadores.<\/p>\n<p>Este curso es de alcance nacional para todos los docentes de la Educaci\u00f3n B\u00e1sica Regular, Educaci\u00f3n B\u00e1sica Alternativa, Educaci\u00f3n B\u00e1sica Especial, Educaci\u00f3n T\u00e9cnico Productiva, directores de instituciones educativas, formadores y especialistas de las DRE y UGEL.<\/p>\n<p>Para acceder al curso, solo hay que ir al enlace de Per\u00fa Educa\u00a0<a href=\"http:\/\/www.perueduca.pe\/docentes\/noticias-2020\/03\/curso-virtual-actuando-frente-al-coronavirus\">Curso Coronavirus<\/a>, y matricularse. Para mayor informaci\u00f3n, escribir al correo electr\u00f3nico\u00a0<a href=\"http:\/\/mesaayudadfs2@minedu.gob.pe\/\">mesaayudadfs2@minedu.gob.pe<\/a><\/p>\n","protected":false},"excerpt":{"rendered":"<p>Este curso es obligatorio para docentes nombrados y contratados de la Educaci\u00f3n B\u00e1sica y Educaci\u00f3n T\u00e9cnica Productiva. Ante la pandemia del coronavirus en el Per\u00fa, el Ministerio de Educaci\u00f3n (Minedu), a trav\u00e9s de la Direcci\u00f3n de Formaci\u00f3n Docente en Servicio, convoca a todos los docentes del pa\u00eds a que se inscriban y participen de manera [&hellip;]<\/p>\n","protected":false},"author":1,"featured_media":0,"comment_status":"open","ping_status":"open","sticky":false,"template":"","format":"standard","meta":{"footnotes":""},"categories":[],"tags":[],"class_list":["post-9695","post","type-post","status-publish","format-standard","hentry"],"_links":{"self":[{"href":"https:\/\/ugelchucuito.edu.pe\/portal\/wp-json\/wp\/v2\/posts\/9695","targetHints":{"allow":["GET"]}}],"collection":[{"href":"https:\/\/ugelchucuito.edu.pe\/portal\/wp-json\/wp\/v2\/posts"}],"about":[{"href":"https:\/\/ugelchucuito.edu.pe\/portal\/wp-json\/wp\/v2\/types\/post"}],"author":[{"embeddable":true,"href":"https:\/\/ugelchucuito.edu.pe\/portal\/wp-json\/wp\/v2\/users\/1"}],"replies":[{"embeddable":true,"href":"https:\/\/ugelchucuito.edu.pe\/portal\/wp-json\/wp\/v2\/comments?post=9695"}],"version-history":[{"count":1,"href":"https:\/\/ugelchucuito.edu.pe\/portal\/wp-json\/wp\/v2\/posts\/9695\/revisions"}],"predecessor-version":[{"id":9697,"href":"https:\/\/ugelchucuito.edu.pe\/portal\/wp-json\/wp\/v2\/posts\/9695\/revisions\/9697"}],"wp:attachment":[{"href":"https:\/\/ugelchucuito.edu.pe\/portal\/wp-json\/wp\/v2\/media?parent=9695"}],"wp:term":[{"taxonomy":"category","embeddable":true,"href":"https:\/\/ugelchucuito.edu.pe\/portal\/wp-json\/wp\/v2\/categories?post=9695"},{"taxonomy":"post_tag","embeddable":true,"href":"https:\/\/ugelchucuito.edu.pe\/portal\/wp-json\/wp\/v2\/tags?post=9695"}],"curies":[{"name":"wp","href":"https:\/\/api.w.org\/{rel}","templated":true}]}}