{"id":9702,"date":"2020-03-20T23:45:01","date_gmt":"2020-03-21T04:45:01","guid":{"rendered":"http:\/\/ugelchucuito.edu.pe\/portal\/?p=9702"},"modified":"2020-03-20T23:46:45","modified_gmt":"2020-03-21T04:46:45","slug":"aprendo-en-casa-desde-este-sabado-21-de-marzo-por-tv-peru-y-radio-nacional","status":"publish","type":"post","link":"https:\/\/ugelchucuito.edu.pe\/portal\/2020\/03\/20\/aprendo-en-casa-desde-este-sabado-21-de-marzo-por-tv-peru-y-radio-nacional\/","title":{"rendered":"\u00abAPRENDO EN CASA\u00bb DESDE ESTE S\u00c1BADO 21 DE MARZO POR TV PER\u00da Y RADIO NACIONAL"},"content":{"rendered":"<p>\u00abAPRENDO EN CASA\u00bb SE INICIA ESTE S\u00c1BADO 21 DE MARZO V\u00cdA TV PER\u00da, RADIO NACIONAL Y MEDIOS DIGITALES.<\/p>\n<p>El ministro de Educaci\u00f3n, Mart\u00edn Benavides, inform\u00f3 que este s\u00e1bado 21 de marzo se lanza la estrategia de educaci\u00f3n a distancia \u00abAprendo en casa\u00bb, dirigida a escolares que permanecen en sus viviendas a causa de la cuarentena para evitar el avance del coronavirus.<\/p>\n<p>En Palacio de Gobierno, junto al presidente Mart\u00edn Vizcarra, Benavides explic\u00f3 que hay 8 millones de ni\u00f1os y adolescentes que permanecen en sus viviendas, los cuales, indic\u00f3 deben seguir aprendiendo porque \u00abla educaci\u00f3n no puede parar\u00bb.<\/p>\n<p>Por ello la estrategia combinar\u00e1 medios digitales, televisi\u00f3n y radio para tener una mayor cobertura y adem\u00e1s ser\u00e1 inclusiva al tener parte de la informaci\u00f3n en al menos 10 lenguas originarias y en lenguaje de se\u00f1as. \u00abSer\u00e1 una oportunidad para repensar la forma c\u00f3mo nos hemos venido educando y c\u00f3mo educamos\u00bb.<\/p>\n<p>Inicialmente, se difundir\u00e1n por una semana contenidos directamente vinculados a temas de ciudadan\u00eda, de c\u00f3mo nos relacionamos o protegemos unos a otros; c\u00f3mo cuido a otras personas; rutinas para hacerlas en casa; c\u00f3mo padres, hijos y amigos pueden interactuar a distancia v\u00eda Internet para afrontar juntos estos momentos, entre otros.<\/p>\n<p>Y en una segunda etapa, a partir del 30 de marzo, entraremos a incorporar otros contenidos curriculares para los escolares, a\u00f1adi\u00f3 el titular de Educaci\u00f3n.<\/p>\n<p>Benavides coment\u00f3 que se ha conversado con actores p\u00fablicos y privados sobre la estrategia y esperamos, dijo, que se unan a esta tarea educativa a favor de los escolares peruanos. \u00abTenemos el apoyo total de TV Per\u00fa y Radio Nacional y esperamos que otros se sumen\u00bb.<\/p>\n","protected":false},"excerpt":{"rendered":"<p>\u00abAPRENDO EN CASA\u00bb SE INICIA ESTE S\u00c1BADO 21 DE MARZO V\u00cdA TV PER\u00da, RADIO NACIONAL Y MEDIOS DIGITALES. El ministro de Educaci\u00f3n, Mart\u00edn Benavides, inform\u00f3 que este s\u00e1bado 21 de marzo se lanza la estrategia de educaci\u00f3n a distancia \u00abAprendo en casa\u00bb, dirigida a escolares que permanecen en sus viviendas a causa de la cuarentena [&hellip;]<\/p>\n","protected":false},"author":1,"featured_media":0,"comment_status":"open","ping_status":"open","sticky":false,"template":"","format":"standard","meta":{"footnotes":""},"categories":[],"tags":[],"class_list":["post-9702","post","type-post","status-publish","format-standard","hentry"],"_links":{"self":[{"href":"https:\/\/ugelchucuito.edu.pe\/portal\/wp-json\/wp\/v2\/posts\/9702","targetHints":{"allow":["GET"]}}],"collection":[{"href":"https:\/\/ugelchucuito.edu.pe\/portal\/wp-json\/wp\/v2\/posts"}],"about":[{"href":"https:\/\/ugelchucuito.edu.pe\/portal\/wp-json\/wp\/v2\/types\/post"}],"author":[{"embeddable":true,"href":"https:\/\/ugelchucuito.edu.pe\/portal\/wp-json\/wp\/v2\/users\/1"}],"replies":[{"embeddable":true,"href":"https:\/\/ugelchucuito.edu.pe\/portal\/wp-json\/wp\/v2\/comments?post=9702"}],"version-history":[{"count":3,"href":"https:\/\/ugelchucuito.edu.pe\/portal\/wp-json\/wp\/v2\/posts\/9702\/revisions"}],"predecessor-version":[{"id":9706,"href":"https:\/\/ugelchucuito.edu.pe\/portal\/wp-json\/wp\/v2\/posts\/9702\/revisions\/9706"}],"wp:attachment":[{"href":"https:\/\/ugelchucuito.edu.pe\/portal\/wp-json\/wp\/v2\/media?parent=9702"}],"wp:term":[{"taxonomy":"category","embeddable":true,"href":"https:\/\/ugelchucuito.edu.pe\/portal\/wp-json\/wp\/v2\/categories?post=9702"},{"taxonomy":"post_tag","embeddable":true,"href":"https:\/\/ugelchucuito.edu.pe\/portal\/wp-json\/wp\/v2\/tags?post=9702"}],"curies":[{"name":"wp","href":"https:\/\/api.w.org\/{rel}","templated":true}]}}