{"id":9757,"date":"2020-03-31T22:59:25","date_gmt":"2020-04-01T03:59:25","guid":{"rendered":"http:\/\/ugelchucuito.edu.pe\/portal\/?p=9757"},"modified":"2020-03-31T22:59:25","modified_gmt":"2020-04-01T03:59:25","slug":"lunes-6-de-abril-se-iniciara-el-ano-escolar-a-distancia","status":"publish","type":"post","link":"https:\/\/ugelchucuito.edu.pe\/portal\/2020\/03\/31\/lunes-6-de-abril-se-iniciara-el-ano-escolar-a-distancia\/","title":{"rendered":"Lunes 6 de abril se iniciar\u00e1 el a\u00f1o escolar a distancia."},"content":{"rendered":"<p>Nota de Prensa<\/p>\n<p>Se prev\u00e9 que las clases presenciales se retomen a partir del 4 de mayo, inform\u00f3 hoy el ministro de Educaci\u00f3n, Mart\u00edn Benavides<\/p>\n<ul>\n<li>Desde hoy est\u00e1 a disposici\u00f3n de los estudiantes el sitio web de Aprendo en casa (<a href=\"https:\/\/aprendoencasa.pe\/#\/\">aprendoencasa.pe<\/a>)<\/li>\n<\/ul>\n<p>El a\u00f1o escolar se iniciar\u00e1 de manera no presencial el 6 de abril y las clases presenciales empezar\u00e1n el lunes 4 de mayo, anunciaron hoy el presidente de la Rep\u00fablica, Mart\u00edn Vizcarra, y el ministro de Educaci\u00f3n, Mart\u00edn Benavides.<\/p>\n<p>En la conferencia de la prensa llevada a cabo en Palacio de Gobierno, Benavides explic\u00f3 que el retorno a las aulas se llevar\u00e1 a cabo de manera gradual, y de acuerdo con las directivas del Ministerio de Salud.<\/p>\n<p>Entre tanto, con el inicio de clases no presenciales el lunes 6 de abril tambi\u00e9n se reactivar\u00e1 el programa de alimentos escolares Qali Warma, que beneficiar\u00e1 a 1 mill\u00f3n 100 mil escolares de las zonas de mayor pobreza en nuestro pa\u00eds, b\u00e1sicamente de zonas rurales, indic\u00f3 el titular de Educaci\u00f3n.<\/p>\n<p>Benavides se\u00f1al\u00f3 que desde que el Gobierno declar\u00f3 la emergencia nacional a causa del COVID-19, el Minedu comenz\u00f3 a trabajar en la estrategia de educaci\u00f3n a distancia \u201cAprendo en casa\u201d para continuar la ense\u00f1anza mediante internet, televisi\u00f3n y radio y llegar a los estudiantes de las escuelas rurales m\u00e1s alejadas.<\/p>\n<p>Explic\u00f3 que esta estrategia tiene un plan diario para producir contenidos y aprendizajes significativos para los estudiantes, por ejemplo. El eje de esta etapa no presencial es la ciudadan\u00eda, y a partir de esa orientaci\u00f3n general se articular\u00e1n todas las otras competencias, como matem\u00e1tica, comunicaci\u00f3n e historia, precis\u00f3.<\/p>\n<p>\u201cDebemos convertir esta crisis en una oportunidad para construir ciudadan\u00eda, en l\u00ednea con las competencias que busca desarrollar el Curr\u00edculo Nacional. Esta situaci\u00f3n puede ser temporal, pero los aprendizajes tienen que ser duraderos\u201d, afirm\u00f3 Benavides.<\/p>\n<p>Asimismo, precis\u00f3 que para el comienzo de las clases presenciales el Minedu coordinar\u00e1 con el Ministerio de Salud un plan para proteger la integridad f\u00edsica de los escolares, a fin de dotarlos de condiciones adecuadas y seguras para el estudio. En ese momento, la estrategia \u201cAprendo en casa\u201d ser\u00e1 un complemento de la presencialidad, agreg\u00f3.<\/p>\n<p>Periodo de prueba<\/p>\n<p>Benavides tambi\u00e9n inform\u00f3 que desde hoy est\u00e1 a disposici\u00f3n de los estudiantes el sitio web www.aprendoencasa.pe, para que los escolares nunca dejen de aprender.<\/p>\n<p>Aprendo en Casa tambi\u00e9n difundir\u00e1 contenidos en nueve lenguas originarias: quechua chanka, quechua collao, quechua central, shawi, shipibo-konibo, ashaninka, awaj\u00fan, yanesha y aimara.<\/p>\n<p>El objetivo de esta estrategia, que tambi\u00e9n contempla el uso diario de se\u00f1ales de radio y televisi\u00f3n, es garantizar el acceso a una educaci\u00f3n de calidad, en el marco de la transformaci\u00f3n digital de la educaci\u00f3n y la implementaci\u00f3n del Curr\u00edculo Nacional, para todos los estudiantes del pa\u00eds.<\/p>\n<p>&nbsp;<\/p>\n","protected":false},"excerpt":{"rendered":"<p>Nota de Prensa Se prev\u00e9 que las clases presenciales se retomen a partir del 4 de mayo, inform\u00f3 hoy el ministro de Educaci\u00f3n, Mart\u00edn Benavides Desde hoy est\u00e1 a disposici\u00f3n de los estudiantes el sitio web de Aprendo en casa (aprendoencasa.pe) El a\u00f1o escolar se iniciar\u00e1 de manera no presencial el 6 de abril y [&hellip;]<\/p>\n","protected":false},"author":1,"featured_media":0,"comment_status":"open","ping_status":"open","sticky":false,"template":"","format":"standard","meta":{"footnotes":""},"categories":[],"tags":[],"class_list":["post-9757","post","type-post","status-publish","format-standard","hentry"],"_links":{"self":[{"href":"https:\/\/ugelchucuito.edu.pe\/portal\/wp-json\/wp\/v2\/posts\/9757","targetHints":{"allow":["GET"]}}],"collection":[{"href":"https:\/\/ugelchucuito.edu.pe\/portal\/wp-json\/wp\/v2\/posts"}],"about":[{"href":"https:\/\/ugelchucuito.edu.pe\/portal\/wp-json\/wp\/v2\/types\/post"}],"author":[{"embeddable":true,"href":"https:\/\/ugelchucuito.edu.pe\/portal\/wp-json\/wp\/v2\/users\/1"}],"replies":[{"embeddable":true,"href":"https:\/\/ugelchucuito.edu.pe\/portal\/wp-json\/wp\/v2\/comments?post=9757"}],"version-history":[{"count":1,"href":"https:\/\/ugelchucuito.edu.pe\/portal\/wp-json\/wp\/v2\/posts\/9757\/revisions"}],"predecessor-version":[{"id":9758,"href":"https:\/\/ugelchucuito.edu.pe\/portal\/wp-json\/wp\/v2\/posts\/9757\/revisions\/9758"}],"wp:attachment":[{"href":"https:\/\/ugelchucuito.edu.pe\/portal\/wp-json\/wp\/v2\/media?parent=9757"}],"wp:term":[{"taxonomy":"category","embeddable":true,"href":"https:\/\/ugelchucuito.edu.pe\/portal\/wp-json\/wp\/v2\/categories?post=9757"},{"taxonomy":"post_tag","embeddable":true,"href":"https:\/\/ugelchucuito.edu.pe\/portal\/wp-json\/wp\/v2\/tags?post=9757"}],"curies":[{"name":"wp","href":"https:\/\/api.w.org\/{rel}","templated":true}]}}